{"id":5071,"date":"2021-05-11T11:51:05","date_gmt":"2021-05-11T09:51:05","guid":{"rendered":"http:\/\/agora.xtec.cat\/ceip-joan-coret\/?p=5071"},"modified":"2021-05-11T12:12:40","modified_gmt":"2021-05-11T10:12:40","slug":"aula-de-reptils","status":"publish","type":"post","link":"https:\/\/agora.xtec.cat\/ceip-joan-coret\/general\/aula-de-reptils\/","title":{"rendered":"AULA DE R\u00c8PTILS"},"content":{"rendered":"<p>El passat 10 de mar\u00e7, els nens i les nenes de tercer vam poder veure i tocar en directe algunes esp\u00e8cies de r\u00e8ptils&#8230;.. Hem apr\u00e8s caracter\u00edstiques de la seva alimentaci\u00f3, h\u00e0bitat&#8230;i moltes m\u00e9s curiositats!<\/p>\n<p>&nbsp;<\/p>\n<p><a href=\"https:\/\/agora.xtec.cat\/ceip-joan-coret\/wp-content\/uploads\/usu1194\/2021\/05\/8-1.jpeg\"><img loading=\"lazy\" decoding=\"async\" class=\"aligncenter wp-image-5112 size-large\" src=\"https:\/\/agora.xtec.cat\/ceip-joan-coret\/wp-content\/uploads\/usu1194\/2021\/05\/8-1-1024x768.jpeg\" alt=\"\" width=\"1024\" height=\"768\" srcset=\"https:\/\/agora.xtec.cat\/ceip-joan-coret\/wp-content\/uploads\/usu1194\/2021\/05\/8-1-1024x768.jpeg 1024w, https:\/\/agora.xtec.cat\/ceip-joan-coret\/wp-content\/uploads\/usu1194\/2021\/05\/8-1-300x225.jpeg 300w, https:\/\/agora.xtec.cat\/ceip-joan-coret\/wp-content\/uploads\/usu1194\/2021\/05\/8-1-768x576.jpeg 768w, https:\/\/agora.xtec.cat\/ceip-joan-coret\/wp-content\/uploads\/usu1194\/2021\/05\/8-1-200x150.jpeg 200w, https:\/\/agora.xtec.cat\/ceip-joan-coret\/wp-content\/uploads\/usu1194\/2021\/05\/8-1.jpeg 1600w\" sizes=\"auto, (max-width: 1024px) 100vw, 1024px\" \/><\/a><\/p>\n<p><a href=\"https:\/\/agora.xtec.cat\/ceip-joan-coret\/wp-content\/uploads\/usu1194\/2021\/05\/WhatsApp-Image-2021-05-11-at-11.04.46-1.jpeg\"><img loading=\"lazy\" decoding=\"async\" class=\"alignnone size-large wp-image-5110\" src=\"https:\/\/agora.xtec.cat\/ceip-joan-coret\/wp-content\/uploads\/usu1194\/2021\/05\/WhatsApp-Image-2021-05-11-at-11.04.46-1-1024x768.jpeg\" alt=\"\" width=\"1024\" height=\"768\" srcset=\"https:\/\/agora.xtec.cat\/ceip-joan-coret\/wp-content\/uploads\/usu1194\/2021\/05\/WhatsApp-Image-2021-05-11-at-11.04.46-1-1024x768.jpeg 1024w, https:\/\/agora.xtec.cat\/ceip-joan-coret\/wp-content\/uploads\/usu1194\/2021\/05\/WhatsApp-Image-2021-05-11-at-11.04.46-1-300x225.jpeg 300w, https:\/\/agora.xtec.cat\/ceip-joan-coret\/wp-content\/uploads\/usu1194\/2021\/05\/WhatsApp-Image-2021-05-11-at-11.04.46-1-768x576.jpeg 768w, https:\/\/agora.xtec.cat\/ceip-joan-coret\/wp-content\/uploads\/usu1194\/2021\/05\/WhatsApp-Image-2021-05-11-at-11.04.46-1-200x150.jpeg 200w, https:\/\/agora.xtec.cat\/ceip-joan-coret\/wp-content\/uploads\/usu1194\/2021\/05\/WhatsApp-Image-2021-05-11-at-11.04.46-1.jpeg 1600w\" sizes=\"auto, (max-width: 1024px) 100vw, 1024px\" \/><\/a><\/p>\n<p><a href=\"https:\/\/agora.xtec.cat\/ceip-joan-coret\/wp-content\/uploads\/usu1194\/2021\/05\/5-1.jpeg\"><img loading=\"lazy\" decoding=\"async\" class=\"alignnone size-large wp-image-5109\" src=\"https:\/\/agora.xtec.cat\/ceip-joan-coret\/wp-content\/uploads\/usu1194\/2021\/05\/5-1-1024x768.jpeg\" alt=\"\" width=\"1024\" height=\"768\" srcset=\"https:\/\/agora.xtec.cat\/ceip-joan-coret\/wp-content\/uploads\/usu1194\/2021\/05\/5-1-1024x768.jpeg 1024w, https:\/\/agora.xtec.cat\/ceip-joan-coret\/wp-content\/uploads\/usu1194\/2021\/05\/5-1-300x225.jpeg 300w, https:\/\/agora.xtec.cat\/ceip-joan-coret\/wp-content\/uploads\/usu1194\/2021\/05\/5-1-768x576.jpeg 768w, https:\/\/agora.xtec.cat\/ceip-joan-coret\/wp-content\/uploads\/usu1194\/2021\/05\/5-1-200x150.jpeg 200w, https:\/\/agora.xtec.cat\/ceip-joan-coret\/wp-content\/uploads\/usu1194\/2021\/05\/5-1.jpeg 2048w\" sizes=\"auto, (max-width: 1024px) 100vw, 1024px\" \/><\/a><\/p>\n<p><a href=\"https:\/\/agora.xtec.cat\/ceip-joan-coret\/wp-content\/uploads\/usu1194\/2021\/05\/2-1.jpeg\"><img loading=\"lazy\" decoding=\"async\" class=\"aligncenter wp-image-5107 size-large\" src=\"https:\/\/agora.xtec.cat\/ceip-joan-coret\/wp-content\/uploads\/usu1194\/2021\/05\/2-1-768x1024.jpeg\" alt=\"\" width=\"768\" height=\"1024\" srcset=\"https:\/\/agora.xtec.cat\/ceip-joan-coret\/wp-content\/uploads\/usu1194\/2021\/05\/2-1-768x1024.jpeg 768w, https:\/\/agora.xtec.cat\/ceip-joan-coret\/wp-content\/uploads\/usu1194\/2021\/05\/2-1-225x300.jpeg 225w, https:\/\/agora.xtec.cat\/ceip-joan-coret\/wp-content\/uploads\/usu1194\/2021\/05\/2-1.jpeg 1536w\" sizes=\"auto, (max-width: 768px) 100vw, 768px\" \/><\/a><\/p>\n<p><img loading=\"lazy\" decoding=\"async\" class=\"alignnone size-large wp-image-5111\" src=\"https:\/\/agora.xtec.cat\/ceip-joan-coret\/wp-content\/uploads\/usu1194\/2021\/05\/7-1-1024x768.jpeg\" alt=\"\" width=\"1024\" height=\"768\" srcset=\"https:\/\/agora.xtec.cat\/ceip-joan-coret\/wp-content\/uploads\/usu1194\/2021\/05\/7-1-1024x768.jpeg 1024w, https:\/\/agora.xtec.cat\/ceip-joan-coret\/wp-content\/uploads\/usu1194\/2021\/05\/7-1-300x225.jpeg 300w, https:\/\/agora.xtec.cat\/ceip-joan-coret\/wp-content\/uploads\/usu1194\/2021\/05\/7-1-768x576.jpeg 768w, https:\/\/agora.xtec.cat\/ceip-joan-coret\/wp-content\/uploads\/usu1194\/2021\/05\/7-1-200x150.jpeg 200w, https:\/\/agora.xtec.cat\/ceip-joan-coret\/wp-content\/uploads\/usu1194\/2021\/05\/7-1.jpeg 1600w\" sizes=\"auto, (max-width: 1024px) 100vw, 1024px\" \/><\/p>\n","protected":false},"excerpt":{"rendered":"<p>El passat 10 de mar\u00e7, els nens i les nenes de tercer vam poder veure i tocar en directe algunes esp\u00e8cies de r\u00e8ptils&#8230;.. Hem apr\u00e8s caracter\u00edstiques de la seva alimentaci\u00f3, h\u00e0bitat&#8230;i moltes m\u00e9s curiositats!<br \/>\n&nbsp;<br \/>\n<a href=\"https:\/\/agora.xtec.cat\/ceip-joan-coret\/wp-content\/uploads\/usu1194\/2021\/05\/8-1.jpeg\"><\/a><br \/>\n<a href=\"https:\/\/agora.xtec.cat\/ceip-joan-coret\/wp-content\/uploads\/usu1194\/2021\/05\/WhatsApp-Image-2021-05-11-at-11.04.46-1.jpeg\"><\/a><br \/>\n<a href=\"https:\/\/agora.xtec.cat\/ceip-joan-coret\/wp-content\/uploads\/usu1194\/2021\/05\/5-1.jpeg\"><\/a><br \/>\n<a href=\"https:\/\/agora.xtec.cat\/ceip-joan-coret\/wp-content\/uploads\/usu1194\/2021\/05\/2-1.jpeg\"><\/a><\/p>\n","protected":false},"author":69,"featured_media":5101,"comment_status":"open","ping_status":"closed","sticky":false,"template":"","format":"standard","meta":{"_bbp_topic_count":0,"_bbp_reply_count":0,"_bbp_total_topic_count":0,"_bbp_total_reply_count":0,"_bbp_voice_count":0,"_bbp_anonymous_reply_count":0,"_bbp_topic_count_hidden":0,"_bbp_reply_count_hidden":0,"_bbp_forum_subforum_count":0,"footnotes":""},"categories":[12,1,4],"tags":[],"class_list":["post-5071","post","type-post","status-publish","format-standard","has-post-thumbnail","hentry","category-3r","category-general","category-portada"],"post_mailing_queue_ids":[],"_links":{"self":[{"href":"https:\/\/agora.xtec.cat\/ceip-joan-coret\/wp-json\/wp\/v2\/posts\/5071","targetHints":{"allow":["GET"]}}],"collection":[{"href":"https:\/\/agora.xtec.cat\/ceip-joan-coret\/wp-json\/wp\/v2\/posts"}],"about":[{"href":"https:\/\/agora.xtec.cat\/ceip-joan-coret\/wp-json\/wp\/v2\/types\/post"}],"author":[{"embeddable":true,"href":"https:\/\/agora.xtec.cat\/ceip-joan-coret\/wp-json\/wp\/v2\/users\/69"}],"replies":[{"embeddable":true,"href":"https:\/\/agora.xtec.cat\/ceip-joan-coret\/wp-json\/wp\/v2\/comments?post=5071"}],"version-history":[{"count":3,"href":"https:\/\/agora.xtec.cat\/ceip-joan-coret\/wp-json\/wp\/v2\/posts\/5071\/revisions"}],"predecessor-version":[{"id":5114,"href":"https:\/\/agora.xtec.cat\/ceip-joan-coret\/wp-json\/wp\/v2\/posts\/5071\/revisions\/5114"}],"wp:featuredmedia":[{"embeddable":true,"href":"https:\/\/agora.xtec.cat\/ceip-joan-coret\/wp-json\/wp\/v2\/media\/5101"}],"wp:attachment":[{"href":"https:\/\/agora.xtec.cat\/ceip-joan-coret\/wp-json\/wp\/v2\/media?parent=5071"}],"wp:term":[{"taxonomy":"category","embeddable":true,"href":"https:\/\/agora.xtec.cat\/ceip-joan-coret\/wp-json\/wp\/v2\/categories?post=5071"},{"taxonomy":"post_tag","embeddable":true,"href":"https:\/\/agora.xtec.cat\/ceip-joan-coret\/wp-json\/wp\/v2\/tags?post=5071"}],"curies":[{"name":"wp","href":"https:\/\/api.w.org\/{rel}","templated":true}]}}