{"id":4996,"date":"2021-05-19T10:12:25","date_gmt":"2021-05-19T08:12:25","guid":{"rendered":"http:\/\/agora.xtec.cat\/ceip-joan-coret\/?p=4996"},"modified":"2021-05-19T10:12:25","modified_gmt":"2021-05-19T08:12:25","slug":"carnestoltes-2021-4t","status":"publish","type":"post","link":"https:\/\/agora.xtec.cat\/ceip-joan-coret\/general\/carnestoltes-2021-4t\/","title":{"rendered":"CARNESTOLTES 2021 4t"},"content":{"rendered":"<p>Encara que amb una mica de retard&#8230;<\/p>\n<p>El dia 12 de febrer a la tarda vam celebrar un Carnaval diferent per\u00f2 no menys divertit!<\/p>\n<p>Ens ho vam passar d&#8217;all\u00f2 m\u00e9s b\u00e9 i \u00e9s que som uns grups incansables! Ball a la classe i jocs al pati! Qu\u00e8 m\u00e9s volem?<\/p>\n<p>Aqu\u00ed teniu una mostra del que us diem&#8230;.<\/p>\n<p><a href=\"https:\/\/photos.app.goo.gl\/ao5NPoVWNoGhrQMx9\" target=\"_blank\" rel=\"noopener noreferrer\">https:\/\/photos.app.goo.gl\/ao5NPoVWNoGhrQMx9<\/a><\/p>\n","protected":false},"excerpt":{"rendered":"<p>Encara que amb una mica de retard&#8230;<br \/>\nEl dia 12 de febrer a la tarda vam celebrar un Carnaval diferent per\u00f2 no menys divertit!<br \/>\nEns ho vam passar d&#8217;all\u00f2 m\u00e9s b\u00e9 i \u00e9s que som uns grups incansables! Ball a la classe i jocs al pati! Qu\u00e8&hellip;  <a href=\"https:\/\/agora.xtec.cat\/ceip-joan-coret\/general\/carnestoltes-2021-4t\/\" title=\"Read CARNESTOLTES 2021 4t\">Llegeix m\u00e9s\u00bb<\/a><\/p>\n","protected":false},"author":2,"featured_media":0,"comment_status":"open","ping_status":"closed","sticky":false,"template":"","format":"standard","meta":{"_bbp_topic_count":0,"_bbp_reply_count":0,"_bbp_total_topic_count":0,"_bbp_total_reply_count":0,"_bbp_voice_count":0,"_bbp_anonymous_reply_count":0,"_bbp_topic_count_hidden":0,"_bbp_reply_count_hidden":0,"_bbp_forum_subforum_count":0,"footnotes":""},"categories":[13,1,4],"tags":[],"class_list":["post-4996","post","type-post","status-publish","format-standard","hentry","category-4t","category-general","category-portada"],"post_mailing_queue_ids":[],"_links":{"self":[{"href":"https:\/\/agora.xtec.cat\/ceip-joan-coret\/wp-json\/wp\/v2\/posts\/4996","targetHints":{"allow":["GET"]}}],"collection":[{"href":"https:\/\/agora.xtec.cat\/ceip-joan-coret\/wp-json\/wp\/v2\/posts"}],"about":[{"href":"https:\/\/agora.xtec.cat\/ceip-joan-coret\/wp-json\/wp\/v2\/types\/post"}],"author":[{"embeddable":true,"href":"https:\/\/agora.xtec.cat\/ceip-joan-coret\/wp-json\/wp\/v2\/users\/2"}],"replies":[{"embeddable":true,"href":"https:\/\/agora.xtec.cat\/ceip-joan-coret\/wp-json\/wp\/v2\/comments?post=4996"}],"version-history":[{"count":3,"href":"https:\/\/agora.xtec.cat\/ceip-joan-coret\/wp-json\/wp\/v2\/posts\/4996\/revisions"}],"predecessor-version":[{"id":5156,"href":"https:\/\/agora.xtec.cat\/ceip-joan-coret\/wp-json\/wp\/v2\/posts\/4996\/revisions\/5156"}],"wp:attachment":[{"href":"https:\/\/agora.xtec.cat\/ceip-joan-coret\/wp-json\/wp\/v2\/media?parent=4996"}],"wp:term":[{"taxonomy":"category","embeddable":true,"href":"https:\/\/agora.xtec.cat\/ceip-joan-coret\/wp-json\/wp\/v2\/categories?post=4996"},{"taxonomy":"post_tag","embeddable":true,"href":"https:\/\/agora.xtec.cat\/ceip-joan-coret\/wp-json\/wp\/v2\/tags?post=4996"}],"curies":[{"name":"wp","href":"https:\/\/api.w.org\/{rel}","templated":true}]}}