{"id":4892,"date":"2021-03-04T21:00:39","date_gmt":"2021-03-04T20:00:39","guid":{"rendered":"http:\/\/agora.xtec.cat\/ceip-joan-coret\/?p=4892"},"modified":"2021-03-04T21:03:14","modified_gmt":"2021-03-04T20:03:14","slug":"visita-den-leo-i-en-lucas","status":"publish","type":"post","link":"https:\/\/agora.xtec.cat\/ceip-joan-coret\/general\/visita-den-leo-i-en-lucas\/","title":{"rendered":"Visita d&#8217;en Leo i en Lucas"},"content":{"rendered":"<p>Avui ens han visitat en Lucas i en Leo, dos gossos d&#8217;assist\u00e8ncia i els seus t\u00e8cnics, la Sandra i en Ricard. Els alumnes de primer hem pogut descobrir a qu\u00e8 es dediquen, qu\u00e8 s\u00f3n capa\u00e7os de fer, qu\u00e8 mengen i qu\u00e8 els agrada fer quan estan descansant de la seva feina!<\/p>\n<p>Ens ho hem passat molt b\u00e9.<\/p>\n<p>&nbsp;<\/p>\n<p><a href=\"https:\/\/agora.xtec.cat\/ceip-joan-coret\/wp-content\/uploads\/usu1194\/2021\/03\/fitxer_000.jpg\"><img loading=\"lazy\" decoding=\"async\" class=\"alignnone wp-image-4897\" src=\"https:\/\/agora.xtec.cat\/ceip-joan-coret\/wp-content\/uploads\/usu1194\/2021\/03\/fitxer_000-1024x768.jpg\" alt=\"\" width=\"489\" height=\"367\" srcset=\"https:\/\/agora.xtec.cat\/ceip-joan-coret\/wp-content\/uploads\/usu1194\/2021\/03\/fitxer_000-1024x768.jpg 1024w, https:\/\/agora.xtec.cat\/ceip-joan-coret\/wp-content\/uploads\/usu1194\/2021\/03\/fitxer_000-300x225.jpg 300w, https:\/\/agora.xtec.cat\/ceip-joan-coret\/wp-content\/uploads\/usu1194\/2021\/03\/fitxer_000-768x576.jpg 768w, https:\/\/agora.xtec.cat\/ceip-joan-coret\/wp-content\/uploads\/usu1194\/2021\/03\/fitxer_000-200x150.jpg 200w, https:\/\/agora.xtec.cat\/ceip-joan-coret\/wp-content\/uploads\/usu1194\/2021\/03\/fitxer_000.jpg 1331w\" sizes=\"auto, (max-width: 489px) 100vw, 489px\" \/><\/a><a href=\"https:\/\/agora.xtec.cat\/ceip-joan-coret\/wp-content\/uploads\/usu1194\/2021\/03\/PHOTO-2021-03-04-14-33-34-1.jpg\"><img loading=\"lazy\" decoding=\"async\" class=\"wp-image-4894 alignright\" src=\"https:\/\/agora.xtec.cat\/ceip-joan-coret\/wp-content\/uploads\/usu1194\/2021\/03\/PHOTO-2021-03-04-14-33-34-1-768x1024.jpg\" alt=\"\" width=\"488\" height=\"650\" srcset=\"https:\/\/agora.xtec.cat\/ceip-joan-coret\/wp-content\/uploads\/usu1194\/2021\/03\/PHOTO-2021-03-04-14-33-34-1.jpg 768w, https:\/\/agora.xtec.cat\/ceip-joan-coret\/wp-content\/uploads\/usu1194\/2021\/03\/PHOTO-2021-03-04-14-33-34-1-225x300.jpg 225w\" sizes=\"auto, (max-width: 488px) 100vw, 488px\" \/><\/a> <a href=\"https:\/\/agora.xtec.cat\/ceip-joan-coret\/wp-content\/uploads\/usu1194\/2021\/03\/PHOTO-2021-03-04-11-09-53.jpg\"><img loading=\"lazy\" decoding=\"async\" class=\"alignnone wp-image-4895\" src=\"https:\/\/agora.xtec.cat\/ceip-joan-coret\/wp-content\/uploads\/usu1194\/2021\/03\/PHOTO-2021-03-04-11-09-53-768x1024.jpg\" alt=\"\" width=\"489\" height=\"652\" srcset=\"https:\/\/agora.xtec.cat\/ceip-joan-coret\/wp-content\/uploads\/usu1194\/2021\/03\/PHOTO-2021-03-04-11-09-53-768x1024.jpg 768w, https:\/\/agora.xtec.cat\/ceip-joan-coret\/wp-content\/uploads\/usu1194\/2021\/03\/PHOTO-2021-03-04-11-09-53-225x300.jpg 225w, https:\/\/agora.xtec.cat\/ceip-joan-coret\/wp-content\/uploads\/usu1194\/2021\/03\/PHOTO-2021-03-04-11-09-53.jpg 1536w\" sizes=\"auto, (max-width: 489px) 100vw, 489px\" \/><\/a> <a href=\"https:\/\/agora.xtec.cat\/ceip-joan-coret\/wp-content\/uploads\/usu1194\/2021\/03\/PHOTO-2021-03-04-13-15-45.jpg\"><img loading=\"lazy\" decoding=\"async\" class=\"wp-image-4896 alignright\" src=\"https:\/\/agora.xtec.cat\/ceip-joan-coret\/wp-content\/uploads\/usu1194\/2021\/03\/PHOTO-2021-03-04-13-15-45-1024x768.jpg\" alt=\"\" width=\"488\" height=\"366\" srcset=\"https:\/\/agora.xtec.cat\/ceip-joan-coret\/wp-content\/uploads\/usu1194\/2021\/03\/PHOTO-2021-03-04-13-15-45-1024x768.jpg 1024w, https:\/\/agora.xtec.cat\/ceip-joan-coret\/wp-content\/uploads\/usu1194\/2021\/03\/PHOTO-2021-03-04-13-15-45-300x225.jpg 300w, https:\/\/agora.xtec.cat\/ceip-joan-coret\/wp-content\/uploads\/usu1194\/2021\/03\/PHOTO-2021-03-04-13-15-45-768x576.jpg 768w, https:\/\/agora.xtec.cat\/ceip-joan-coret\/wp-content\/uploads\/usu1194\/2021\/03\/PHOTO-2021-03-04-13-15-45-200x150.jpg 200w, https:\/\/agora.xtec.cat\/ceip-joan-coret\/wp-content\/uploads\/usu1194\/2021\/03\/PHOTO-2021-03-04-13-15-45.jpg 2048w\" sizes=\"auto, (max-width: 488px) 100vw, 488px\" \/><\/a><\/p>\n","protected":false},"excerpt":{"rendered":"<p>Avui ens han visitat en Lucas i en Leo, dos gossos d&#8217;assist\u00e8ncia i els seus t\u00e8cnics, la Sandra i en Ricard. Els alumnes de primer hem pogut descobrir a qu\u00e8 es dediquen, qu\u00e8 s\u00f3n capa\u00e7os de fer, qu\u00e8 mengen i qu\u00e8 els agrada fer quan&hellip;  <a href=\"https:\/\/agora.xtec.cat\/ceip-joan-coret\/general\/visita-den-leo-i-en-lucas\/\" title=\"Read Visita d&#8217;en Leo i en Lucas\">Llegeix m\u00e9s\u00bb<\/a><\/p>\n","protected":false},"author":69,"featured_media":4895,"comment_status":"open","ping_status":"closed","sticky":false,"template":"","format":"standard","meta":{"_bbp_topic_count":0,"_bbp_reply_count":0,"_bbp_total_topic_count":0,"_bbp_total_reply_count":0,"_bbp_voice_count":0,"_bbp_anonymous_reply_count":0,"_bbp_topic_count_hidden":0,"_bbp_reply_count_hidden":0,"_bbp_forum_subforum_count":0,"footnotes":""},"categories":[10,1,4],"tags":[],"class_list":["post-4892","post","type-post","status-publish","format-standard","has-post-thumbnail","hentry","category-1r","category-general","category-portada"],"post_mailing_queue_ids":[],"_links":{"self":[{"href":"https:\/\/agora.xtec.cat\/ceip-joan-coret\/wp-json\/wp\/v2\/posts\/4892","targetHints":{"allow":["GET"]}}],"collection":[{"href":"https:\/\/agora.xtec.cat\/ceip-joan-coret\/wp-json\/wp\/v2\/posts"}],"about":[{"href":"https:\/\/agora.xtec.cat\/ceip-joan-coret\/wp-json\/wp\/v2\/types\/post"}],"author":[{"embeddable":true,"href":"https:\/\/agora.xtec.cat\/ceip-joan-coret\/wp-json\/wp\/v2\/users\/69"}],"replies":[{"embeddable":true,"href":"https:\/\/agora.xtec.cat\/ceip-joan-coret\/wp-json\/wp\/v2\/comments?post=4892"}],"version-history":[{"count":2,"href":"https:\/\/agora.xtec.cat\/ceip-joan-coret\/wp-json\/wp\/v2\/posts\/4892\/revisions"}],"predecessor-version":[{"id":4899,"href":"https:\/\/agora.xtec.cat\/ceip-joan-coret\/wp-json\/wp\/v2\/posts\/4892\/revisions\/4899"}],"wp:featuredmedia":[{"embeddable":true,"href":"https:\/\/agora.xtec.cat\/ceip-joan-coret\/wp-json\/wp\/v2\/media\/4895"}],"wp:attachment":[{"href":"https:\/\/agora.xtec.cat\/ceip-joan-coret\/wp-json\/wp\/v2\/media?parent=4892"}],"wp:term":[{"taxonomy":"category","embeddable":true,"href":"https:\/\/agora.xtec.cat\/ceip-joan-coret\/wp-json\/wp\/v2\/categories?post=4892"},{"taxonomy":"post_tag","embeddable":true,"href":"https:\/\/agora.xtec.cat\/ceip-joan-coret\/wp-json\/wp\/v2\/tags?post=4892"}],"curies":[{"name":"wp","href":"https:\/\/api.w.org\/{rel}","templated":true}]}}