{"id":4803,"date":"2021-02-26T12:04:10","date_gmt":"2021-02-26T11:04:10","guid":{"rendered":"http:\/\/agora.xtec.cat\/ceip-joan-coret\/?p=4803"},"modified":"2021-02-26T12:04:10","modified_gmt":"2021-02-26T11:04:10","slug":"observacio-d-una-cuixa-de-pollastre-a-tercer","status":"publish","type":"post","link":"https:\/\/agora.xtec.cat\/ceip-joan-coret\/general\/observacio-d-una-cuixa-de-pollastre-a-tercer\/","title":{"rendered":"OBSERVACI\u00d3 D&#8217; UNA CUIXA DE POLLASTRE A TERCER"},"content":{"rendered":"<p>Hola fam\u00edlies, els nois i noies de tercer hem investigat com \u00e9s per dins la cuixa d&#8217;un pollastre i n&#8217; hem observat el f\u00e8mur, els tendons i cart\u00edlegs.<\/p>\n<p><img loading=\"lazy\" decoding=\"async\" class=\"\" src=\"https:\/\/agora.xtec.cat\/ceip-joan-coret\/wp-content\/uploads\/usu1194\/2021\/02\/20210225_114201-169x300.jpg\" width=\"104\" height=\"184\" \/><a href=\"https:\/\/agora.xtec.cat\/ceip-joan-coret\/wp-content\/uploads\/usu1194\/2021\/02\/peke5.jpg\"><img loading=\"lazy\" decoding=\"async\" class=\"alignnone  wp-image-4806\" src=\"https:\/\/agora.xtec.cat\/ceip-joan-coret\/wp-content\/uploads\/usu1194\/2021\/02\/peke5-300x169.jpg\" alt=\"\" width=\"225\" height=\"127\" srcset=\"https:\/\/agora.xtec.cat\/ceip-joan-coret\/wp-content\/uploads\/usu1194\/2021\/02\/peke5-300x169.jpg 300w, https:\/\/agora.xtec.cat\/ceip-joan-coret\/wp-content\/uploads\/usu1194\/2021\/02\/peke5-768x432.jpg 768w, https:\/\/agora.xtec.cat\/ceip-joan-coret\/wp-content\/uploads\/usu1194\/2021\/02\/peke5-1024x576.jpg 1024w, https:\/\/agora.xtec.cat\/ceip-joan-coret\/wp-content\/uploads\/usu1194\/2021\/02\/peke5.jpg 1652w\" sizes=\"auto, (max-width: 225px) 100vw, 225px\" \/><\/a><a href=\"https:\/\/agora.xtec.cat\/ceip-joan-coret\/wp-content\/uploads\/usu1194\/2021\/02\/peke1.jpg\"><img loading=\"lazy\" decoding=\"async\" class=\"alignnone  wp-image-4809\" src=\"https:\/\/agora.xtec.cat\/ceip-joan-coret\/wp-content\/uploads\/usu1194\/2021\/02\/peke1-300x169.jpg\" alt=\"\" width=\"114\" height=\"203\" \/><\/a><a href=\"https:\/\/agora.xtec.cat\/ceip-joan-coret\/wp-content\/uploads\/usu1194\/2021\/02\/peke2.jpg\"><img loading=\"lazy\" decoding=\"async\" class=\"alignnone  wp-image-4807\" src=\"https:\/\/agora.xtec.cat\/ceip-joan-coret\/wp-content\/uploads\/usu1194\/2021\/02\/peke2-300x169.jpg\" alt=\"\" width=\"127\" height=\"226\" \/><\/a> <a href=\"https:\/\/agora.xtec.cat\/ceip-joan-coret\/wp-content\/uploads\/usu1194\/2021\/02\/peke4.jpg\"><img loading=\"lazy\" decoding=\"async\" class=\"alignnone  wp-image-4810\" src=\"https:\/\/agora.xtec.cat\/ceip-joan-coret\/wp-content\/uploads\/usu1194\/2021\/02\/peke4-300x169.jpg\" alt=\"\" width=\"124\" height=\"221\" \/><\/a><\/p>\n","protected":false},"excerpt":{"rendered":"<p>Hola fam\u00edlies, els nois i noies de tercer hem investigat com \u00e9s per dins la cuixa d&#8217;un pollastre i n&#8217; hem observat el f\u00e8mur, els tendons i cart\u00edlegs.<br \/>\n<a href=\"https:\/\/agora.xtec.cat\/ceip-joan-coret\/wp-content\/uploads\/usu1194\/2021\/02\/peke5.jpg\"><\/a><a href=\"https:\/\/agora.xtec.cat\/ceip-joan-coret\/wp-content\/uploads\/usu1194\/2021\/02\/peke1.jpg\"><\/a><a href=\"https:\/\/agora.xtec.cat\/ceip-joan-coret\/wp-content\/uploads\/usu1194\/2021\/02\/peke2.jpg\"><\/a> <a href=\"https:\/\/agora.xtec.cat\/ceip-joan-coret\/wp-content\/uploads\/usu1194\/2021\/02\/peke4.jpg\"><\/a><\/p>\n","protected":false},"author":69,"featured_media":4806,"comment_status":"open","ping_status":"closed","sticky":false,"template":"","format":"standard","meta":{"_bbp_topic_count":0,"_bbp_reply_count":0,"_bbp_total_topic_count":0,"_bbp_total_reply_count":0,"_bbp_voice_count":0,"_bbp_anonymous_reply_count":0,"_bbp_topic_count_hidden":0,"_bbp_reply_count_hidden":0,"_bbp_forum_subforum_count":0,"footnotes":""},"categories":[12,1,4],"tags":[],"class_list":["post-4803","post","type-post","status-publish","format-standard","has-post-thumbnail","hentry","category-3r","category-general","category-portada"],"post_mailing_queue_ids":[],"_links":{"self":[{"href":"https:\/\/agora.xtec.cat\/ceip-joan-coret\/wp-json\/wp\/v2\/posts\/4803","targetHints":{"allow":["GET"]}}],"collection":[{"href":"https:\/\/agora.xtec.cat\/ceip-joan-coret\/wp-json\/wp\/v2\/posts"}],"about":[{"href":"https:\/\/agora.xtec.cat\/ceip-joan-coret\/wp-json\/wp\/v2\/types\/post"}],"author":[{"embeddable":true,"href":"https:\/\/agora.xtec.cat\/ceip-joan-coret\/wp-json\/wp\/v2\/users\/69"}],"replies":[{"embeddable":true,"href":"https:\/\/agora.xtec.cat\/ceip-joan-coret\/wp-json\/wp\/v2\/comments?post=4803"}],"version-history":[{"count":1,"href":"https:\/\/agora.xtec.cat\/ceip-joan-coret\/wp-json\/wp\/v2\/posts\/4803\/revisions"}],"predecessor-version":[{"id":4811,"href":"https:\/\/agora.xtec.cat\/ceip-joan-coret\/wp-json\/wp\/v2\/posts\/4803\/revisions\/4811"}],"wp:featuredmedia":[{"embeddable":true,"href":"https:\/\/agora.xtec.cat\/ceip-joan-coret\/wp-json\/wp\/v2\/media\/4806"}],"wp:attachment":[{"href":"https:\/\/agora.xtec.cat\/ceip-joan-coret\/wp-json\/wp\/v2\/media?parent=4803"}],"wp:term":[{"taxonomy":"category","embeddable":true,"href":"https:\/\/agora.xtec.cat\/ceip-joan-coret\/wp-json\/wp\/v2\/categories?post=4803"},{"taxonomy":"post_tag","embeddable":true,"href":"https:\/\/agora.xtec.cat\/ceip-joan-coret\/wp-json\/wp\/v2\/tags?post=4803"}],"curies":[{"name":"wp","href":"https:\/\/api.w.org\/{rel}","templated":true}]}}