{"id":4719,"date":"2021-02-17T14:07:02","date_gmt":"2021-02-17T13:07:02","guid":{"rendered":"http:\/\/agora.xtec.cat\/ceip-joan-coret\/?p=4719"},"modified":"2021-02-17T14:07:02","modified_gmt":"2021-02-17T13:07:02","slug":"dia-de-la-pau-2","status":"publish","type":"post","link":"https:\/\/agora.xtec.cat\/ceip-joan-coret\/portada\/dia-de-la-pau-2\/","title":{"rendered":"Dia de la PAU"},"content":{"rendered":"<p>VAM CELEBRAR EL DIA DE LA PAU FENT UN DI\u00c0LEG SOBRE TOT ALL\u00d2 QUE CONSIDEREM QUE REPRESENTA, I A M\u00c9S, HEM FET UNA MANUALITAT MOLT MACA QUE ELS HI HA AGRADAT MOLT!!!<\/p>\n<p><a href=\"https:\/\/agora.xtec.cat\/ceip-joan-coret\/wp-content\/uploads\/usu1194\/2021\/02\/IMG-20210217-WA0004.jpg\"><img loading=\"lazy\" decoding=\"async\" class=\"alignnone size-large wp-image-4722\" src=\"https:\/\/agora.xtec.cat\/ceip-joan-coret\/wp-content\/uploads\/usu1194\/2021\/02\/IMG-20210217-WA0004-1024x768.jpg\" alt=\"\" width=\"1024\" height=\"768\" srcset=\"https:\/\/agora.xtec.cat\/ceip-joan-coret\/wp-content\/uploads\/usu1194\/2021\/02\/IMG-20210217-WA0004.jpg 1024w, https:\/\/agora.xtec.cat\/ceip-joan-coret\/wp-content\/uploads\/usu1194\/2021\/02\/IMG-20210217-WA0004-300x225.jpg 300w, https:\/\/agora.xtec.cat\/ceip-joan-coret\/wp-content\/uploads\/usu1194\/2021\/02\/IMG-20210217-WA0004-768x576.jpg 768w, https:\/\/agora.xtec.cat\/ceip-joan-coret\/wp-content\/uploads\/usu1194\/2021\/02\/IMG-20210217-WA0004-200x150.jpg 200w\" sizes=\"auto, (max-width: 1024px) 100vw, 1024px\" \/><\/a><\/p>\n","protected":false},"excerpt":{"rendered":"<p>VAM CELEBRAR EL DIA DE LA PAU FENT UN DI\u00c0LEG SOBRE TOT ALL\u00d2 QUE CONSIDEREM QUE REPRESENTA, I A M\u00c9S, HEM FET UNA MANUALITAT MOLT MACA QUE ELS HI HA AGRADAT MOLT!!!<br \/>\n<a href=\"https:\/\/agora.xtec.cat\/ceip-joan-coret\/wp-content\/uploads\/usu1194\/2021\/02\/IMG-20210217-WA0004.jpg\"><\/a><\/p>\n","protected":false},"author":69,"featured_media":1023,"comment_status":"open","ping_status":"closed","sticky":false,"template":"","format":"standard","meta":{"_bbp_topic_count":0,"_bbp_reply_count":0,"_bbp_total_topic_count":0,"_bbp_total_reply_count":0,"_bbp_voice_count":0,"_bbp_anonymous_reply_count":0,"_bbp_topic_count_hidden":0,"_bbp_reply_count_hidden":0,"_bbp_forum_subforum_count":0,"footnotes":""},"categories":[11,4],"tags":[94,367],"class_list":["post-4719","post","type-post","status-publish","format-standard","has-post-thumbnail","hentry","category-2n","category-portada","tag-2n","tag-dia-de-la-pau"],"post_mailing_queue_ids":[],"_links":{"self":[{"href":"https:\/\/agora.xtec.cat\/ceip-joan-coret\/wp-json\/wp\/v2\/posts\/4719","targetHints":{"allow":["GET"]}}],"collection":[{"href":"https:\/\/agora.xtec.cat\/ceip-joan-coret\/wp-json\/wp\/v2\/posts"}],"about":[{"href":"https:\/\/agora.xtec.cat\/ceip-joan-coret\/wp-json\/wp\/v2\/types\/post"}],"author":[{"embeddable":true,"href":"https:\/\/agora.xtec.cat\/ceip-joan-coret\/wp-json\/wp\/v2\/users\/69"}],"replies":[{"embeddable":true,"href":"https:\/\/agora.xtec.cat\/ceip-joan-coret\/wp-json\/wp\/v2\/comments?post=4719"}],"version-history":[{"count":1,"href":"https:\/\/agora.xtec.cat\/ceip-joan-coret\/wp-json\/wp\/v2\/posts\/4719\/revisions"}],"predecessor-version":[{"id":4723,"href":"https:\/\/agora.xtec.cat\/ceip-joan-coret\/wp-json\/wp\/v2\/posts\/4719\/revisions\/4723"}],"wp:featuredmedia":[{"embeddable":true,"href":"https:\/\/agora.xtec.cat\/ceip-joan-coret\/wp-json\/wp\/v2\/media\/1023"}],"wp:attachment":[{"href":"https:\/\/agora.xtec.cat\/ceip-joan-coret\/wp-json\/wp\/v2\/media?parent=4719"}],"wp:term":[{"taxonomy":"category","embeddable":true,"href":"https:\/\/agora.xtec.cat\/ceip-joan-coret\/wp-json\/wp\/v2\/categories?post=4719"},{"taxonomy":"post_tag","embeddable":true,"href":"https:\/\/agora.xtec.cat\/ceip-joan-coret\/wp-json\/wp\/v2\/tags?post=4719"}],"curies":[{"name":"wp","href":"https:\/\/api.w.org\/{rel}","templated":true}]}}