{"id":4649,"date":"2021-03-02T14:00:57","date_gmt":"2021-03-02T13:00:57","guid":{"rendered":"http:\/\/agora.xtec.cat\/ceip-joan-coret\/?p=4649"},"modified":"2021-03-02T14:03:20","modified_gmt":"2021-03-02T13:03:20","slug":"una-castanyada-diferent","status":"publish","type":"post","link":"https:\/\/agora.xtec.cat\/ceip-joan-coret\/general\/una-castanyada-diferent\/","title":{"rendered":"UNA CASTANYADA DIFERENT"},"content":{"rendered":"<p>&nbsp;<\/p>\n<p><span style=\"font-weight: 400;\">Tot i la incertesa de si podr\u00edem fer sortida o no, finalment la vam poder fer! Vam anar a fer una bona caminada per la muntanya del costat de casa nostra, tot buscant el Monestir de Sant Geroni.\u00a0<\/span><\/p>\n<p><span style=\"font-weight: 400;\">Vam poder passejar i veure que tenim un entorn preci\u00f3s, on poder caminar i estar en contacte amb la natura. Vam poder agafar material propi de la tardor; que ens d\u00f3na el propi bosc, i aix\u00ed vam poder ornamentar les nostres classes. Vam agafar pinassa, escor\u00e7a de pi, pinyes (i alguna amb pinyons i tot!) branques, i moltes fulles que havien caigut a terra.<\/span><\/p>\n<p><span style=\"font-weight: 400;\">Malauradament, tamb\u00e9 vam trobar coses a terra que no pertanyien al bosc ni a la natura. Vam trobar objectes de pl\u00e0stic, i altres materials contaminants, que afectaven molt a la vista. Realment, encara hi ha persones, que quan passegen per la natura, continuen pensant m\u00e9s en ells que en la natura. Nosaltres, vam agafar algun d\u2019aquests objectes per poder treballar a l\u2019aula els efectes adversos d\u2019aquesta contaminaci\u00f3 als nostres boscos.<\/span><\/p>\n<p><span style=\"font-weight: 400;\">Va ser un dia molt bonic. Vam caminar molt\u00edssim, m\u00e9s de 8km!\u00a0 Per\u00f2 no ens vam cansar gaire! Vam poder jugar lliurement pel mig del bosc, que vam aprofitar per cuidar una mica, i alhora, el bosc ens va regalar els seus fruits, que ens van servir per fer una classe pr\u00f2pia de la tardor!<\/span><\/p>\n<p><a href=\"https:\/\/photos.app.goo.gl\/VZeJW7ZUzwMpSnAE7\" target=\"_blank\" rel=\"noopener noreferrer\">https:\/\/photos.app.goo.gl\/VZeJW7ZUzwMpSnAE7<\/a><\/p>\n","protected":false},"excerpt":{"rendered":"<p>&nbsp;<br \/>\nTot i la incertesa de si podr\u00edem fer sortida o no, finalment la vam poder fer! Vam anar a fer una bona caminada per la muntanya del costat de casa nostra, tot buscant el Monestir de Sant Geroni.\u00a0<br \/>\nVam poder passejar i veure que tenim un&hellip;  <a href=\"https:\/\/agora.xtec.cat\/ceip-joan-coret\/general\/una-castanyada-diferent\/\" title=\"Read UNA CASTANYADA DIFERENT\">Llegeix m\u00e9s\u00bb<\/a><\/p>\n","protected":false},"author":2,"featured_media":0,"comment_status":"open","ping_status":"closed","sticky":false,"template":"","format":"standard","meta":{"_bbp_topic_count":0,"_bbp_reply_count":0,"_bbp_total_topic_count":0,"_bbp_total_reply_count":0,"_bbp_voice_count":0,"_bbp_anonymous_reply_count":0,"_bbp_topic_count_hidden":0,"_bbp_reply_count_hidden":0,"_bbp_forum_subforum_count":0,"footnotes":""},"categories":[13,1,4,5],"tags":[],"class_list":["post-4649","post","type-post","status-publish","format-standard","hentry","category-4t","category-general","category-portada","category-primaria"],"post_mailing_queue_ids":[],"_links":{"self":[{"href":"https:\/\/agora.xtec.cat\/ceip-joan-coret\/wp-json\/wp\/v2\/posts\/4649","targetHints":{"allow":["GET"]}}],"collection":[{"href":"https:\/\/agora.xtec.cat\/ceip-joan-coret\/wp-json\/wp\/v2\/posts"}],"about":[{"href":"https:\/\/agora.xtec.cat\/ceip-joan-coret\/wp-json\/wp\/v2\/types\/post"}],"author":[{"embeddable":true,"href":"https:\/\/agora.xtec.cat\/ceip-joan-coret\/wp-json\/wp\/v2\/users\/2"}],"replies":[{"embeddable":true,"href":"https:\/\/agora.xtec.cat\/ceip-joan-coret\/wp-json\/wp\/v2\/comments?post=4649"}],"version-history":[{"count":2,"href":"https:\/\/agora.xtec.cat\/ceip-joan-coret\/wp-json\/wp\/v2\/posts\/4649\/revisions"}],"predecessor-version":[{"id":4850,"href":"https:\/\/agora.xtec.cat\/ceip-joan-coret\/wp-json\/wp\/v2\/posts\/4649\/revisions\/4850"}],"wp:attachment":[{"href":"https:\/\/agora.xtec.cat\/ceip-joan-coret\/wp-json\/wp\/v2\/media?parent=4649"}],"wp:term":[{"taxonomy":"category","embeddable":true,"href":"https:\/\/agora.xtec.cat\/ceip-joan-coret\/wp-json\/wp\/v2\/categories?post=4649"},{"taxonomy":"post_tag","embeddable":true,"href":"https:\/\/agora.xtec.cat\/ceip-joan-coret\/wp-json\/wp\/v2\/tags?post=4649"}],"curies":[{"name":"wp","href":"https:\/\/api.w.org\/{rel}","templated":true}]}}