{"id":4627,"date":"2021-02-09T19:30:28","date_gmt":"2021-02-09T18:30:28","guid":{"rendered":"http:\/\/agora.xtec.cat\/ceip-joan-coret\/?p=4627"},"modified":"2021-02-10T20:57:48","modified_gmt":"2021-02-10T19:57:48","slug":"la-musica-toca-a-la-classe-de-cinque","status":"publish","type":"post","link":"https:\/\/agora.xtec.cat\/ceip-joan-coret\/general\/la-musica-toca-a-la-classe-de-cinque\/","title":{"rendered":"LA M\u00daSICA TOCA A LA CLASSE DE CINQU\u00c8&#8230;&#8230;."},"content":{"rendered":"<p><strong>LA M\u00daSICA\u00a0 ARRIBA\u00a0 A LES CLASSES DE CINQU\u00c8<\/strong><\/p>\n<p><strong>Aquest trimestre estem treballant les diferents fam\u00edlies dels instruments musicals.<\/strong><\/p>\n<p><strong>A m\u00e9s hem\u00a0 constru\u00eft alguns instruments musicals de manera cassolana i ecol\u00f2gica.<\/strong><\/p>\n<p><strong>Com diu l\u00b4Abril de cinqu\u00e8-C :- Jo he fet el meu instrument amb tot el material reciclat, per tenir cura del planeta<\/strong><\/p>\n<p><strong>I sabeu una cosa m\u00e9s? Qu\u00e8 sonen de meravella!!!!!!!!<\/strong><\/p>\n<p><strong>Gr\u00e0cies cinqu\u00e8, sou uns artistes i unes artistes!!!!!!<\/strong><\/p>\n<p><strong>Bea, MJos\u00e9 i S\u00f2nia<\/strong><\/p>\n<p><a href=\"https:\/\/agora.xtec.cat\/ceip-joan-coret\/wp-content\/uploads\/usu1194\/2021\/02\/TAULA-DE-M\u00daSICA.jpg\"><img loading=\"lazy\" decoding=\"async\" class=\"alignnone size-full wp-image-4628\" src=\"https:\/\/agora.xtec.cat\/ceip-joan-coret\/wp-content\/uploads\/usu1194\/2021\/02\/TAULA-DE-M\u00daSICA.jpg\" alt=\"\" width=\"800\" height=\"389\" srcset=\"https:\/\/agora.xtec.cat\/ceip-joan-coret\/wp-content\/uploads\/usu1194\/2021\/02\/TAULA-DE-M\u00daSICA.jpg 800w, https:\/\/agora.xtec.cat\/ceip-joan-coret\/wp-content\/uploads\/usu1194\/2021\/02\/TAULA-DE-M\u00daSICA-300x146.jpg 300w, https:\/\/agora.xtec.cat\/ceip-joan-coret\/wp-content\/uploads\/usu1194\/2021\/02\/TAULA-DE-M\u00daSICA-768x373.jpg 768w\" sizes=\"auto, (max-width: 800px) 100vw, 800px\" \/><\/a> <a href=\"https:\/\/agora.xtec.cat\/ceip-joan-coret\/wp-content\/uploads\/usu1194\/2021\/02\/MUSICA-5-C.jpg\"><img loading=\"lazy\" decoding=\"async\" class=\"alignnone size-large wp-image-4629\" src=\"https:\/\/agora.xtec.cat\/ceip-joan-coret\/wp-content\/uploads\/usu1194\/2021\/02\/MUSICA-5-C.jpg\" alt=\"\" width=\"800\" height=\"389\" srcset=\"https:\/\/agora.xtec.cat\/ceip-joan-coret\/wp-content\/uploads\/usu1194\/2021\/02\/MUSICA-5-C.jpg 800w, https:\/\/agora.xtec.cat\/ceip-joan-coret\/wp-content\/uploads\/usu1194\/2021\/02\/MUSICA-5-C-300x146.jpg 300w, https:\/\/agora.xtec.cat\/ceip-joan-coret\/wp-content\/uploads\/usu1194\/2021\/02\/MUSICA-5-C-768x373.jpg 768w\" sizes=\"auto, (max-width: 800px) 100vw, 800px\" \/><\/a> <a href=\"https:\/\/agora.xtec.cat\/ceip-joan-coret\/wp-content\/uploads\/usu1194\/2021\/02\/MUSICA-ALEX-M.jpg\"><img loading=\"lazy\" decoding=\"async\" class=\"alignnone wp-image-4630\" src=\"https:\/\/agora.xtec.cat\/ceip-joan-coret\/wp-content\/uploads\/usu1194\/2021\/02\/MUSICA-ALEX-M.jpg\" alt=\"\" width=\"156\" height=\"322\" \/><\/a> <a href=\"https:\/\/agora.xtec.cat\/ceip-joan-coret\/wp-content\/uploads\/usu1194\/2021\/02\/MUSICA-AMANDA-I-MARTINA-M.jpg\"><img loading=\"lazy\" decoding=\"async\" class=\"alignnone wp-image-4631\" src=\"https:\/\/agora.xtec.cat\/ceip-joan-coret\/wp-content\/uploads\/usu1194\/2021\/02\/MUSICA-AMANDA-I-MARTINA-M.jpg\" alt=\"\" width=\"156\" height=\"321\" \/><\/a> <a href=\"https:\/\/agora.xtec.cat\/ceip-joan-coret\/wp-content\/uploads\/usu1194\/2021\/02\/MUSICA-GABRIEL.jpg\"><img loading=\"lazy\" decoding=\"async\" class=\"alignnone wp-image-4632\" src=\"https:\/\/agora.xtec.cat\/ceip-joan-coret\/wp-content\/uploads\/usu1194\/2021\/02\/MUSICA-GABRIEL.jpg\" alt=\"\" width=\"157\" height=\"323\" \/><\/a> <a href=\"https:\/\/agora.xtec.cat\/ceip-joan-coret\/wp-content\/uploads\/usu1194\/2021\/02\/MUSICA-HELENA.jpg\"><img loading=\"lazy\" decoding=\"async\" class=\"alignnone wp-image-4633\" src=\"https:\/\/agora.xtec.cat\/ceip-joan-coret\/wp-content\/uploads\/usu1194\/2021\/02\/MUSICA-HELENA.jpg\" alt=\"\" width=\"155\" height=\"319\" \/><\/a> <a href=\"https:\/\/agora.xtec.cat\/ceip-joan-coret\/wp-content\/uploads\/usu1194\/2021\/02\/MUSICA-LEO-2.jpg\"><img loading=\"lazy\" decoding=\"async\" class=\"alignnone wp-image-4634\" src=\"https:\/\/agora.xtec.cat\/ceip-joan-coret\/wp-content\/uploads\/usu1194\/2021\/02\/MUSICA-LEO-2.jpg\" alt=\"\" width=\"499\" height=\"242\" srcset=\"https:\/\/agora.xtec.cat\/ceip-joan-coret\/wp-content\/uploads\/usu1194\/2021\/02\/MUSICA-LEO-2.jpg 800w, https:\/\/agora.xtec.cat\/ceip-joan-coret\/wp-content\/uploads\/usu1194\/2021\/02\/MUSICA-LEO-2-300x146.jpg 300w, https:\/\/agora.xtec.cat\/ceip-joan-coret\/wp-content\/uploads\/usu1194\/2021\/02\/MUSICA-LEO-2-768x372.jpg 768w\" sizes=\"auto, (max-width: 499px) 100vw, 499px\" \/><\/a> <a href=\"https:\/\/agora.xtec.cat\/ceip-joan-coret\/wp-content\/uploads\/usu1194\/2021\/02\/MUSICA-MARTINA.jpg\"><img loading=\"lazy\" decoding=\"async\" class=\"alignnone wp-image-4635\" src=\"https:\/\/agora.xtec.cat\/ceip-joan-coret\/wp-content\/uploads\/usu1194\/2021\/02\/MUSICA-MARTINA.jpg\" alt=\"\" width=\"356\" height=\"173\" srcset=\"https:\/\/agora.xtec.cat\/ceip-joan-coret\/wp-content\/uploads\/usu1194\/2021\/02\/MUSICA-MARTINA.jpg 800w, https:\/\/agora.xtec.cat\/ceip-joan-coret\/wp-content\/uploads\/usu1194\/2021\/02\/MUSICA-MARTINA-300x146.jpg 300w, https:\/\/agora.xtec.cat\/ceip-joan-coret\/wp-content\/uploads\/usu1194\/2021\/02\/MUSICA-MARTINA-768x372.jpg 768w\" sizes=\"auto, (max-width: 356px) 100vw, 356px\" \/><\/a> <a href=\"https:\/\/agora.xtec.cat\/ceip-joan-coret\/wp-content\/uploads\/usu1194\/2021\/02\/MUSICA-POL.jpg\"><img loading=\"lazy\" decoding=\"async\" class=\"alignnone wp-image-4636\" src=\"https:\/\/agora.xtec.cat\/ceip-joan-coret\/wp-content\/uploads\/usu1194\/2021\/02\/MUSICA-POL.jpg\" alt=\"\" width=\"376\" height=\"182\" srcset=\"https:\/\/agora.xtec.cat\/ceip-joan-coret\/wp-content\/uploads\/usu1194\/2021\/02\/MUSICA-POL.jpg 800w, https:\/\/agora.xtec.cat\/ceip-joan-coret\/wp-content\/uploads\/usu1194\/2021\/02\/MUSICA-POL-300x146.jpg 300w, https:\/\/agora.xtec.cat\/ceip-joan-coret\/wp-content\/uploads\/usu1194\/2021\/02\/MUSICA-POL-768x372.jpg 768w\" sizes=\"auto, (max-width: 376px) 100vw, 376px\" \/><\/a><\/p>\n<p><iframe loading=\"lazy\" src=\"\/\/www.youtube.com\/embed\/QSlOCfcYRmA\" width=\"350\" height=\"196\"><\/iframe><iframe loading=\"lazy\" src=\"\/\/www.youtube.com\/embed\/w5pTNofOkzQ\" width=\"350\" height=\"196\"><\/iframe><\/p>\n<p><iframe loading=\"lazy\" src=\"\/\/www.youtube.com\/embed\/AWFHbxmlmbs\" width=\"350\" height=\"196\"><\/iframe><iframe loading=\"lazy\" src=\"\/\/www.youtube.com\/embed\/uQ9zkHQM8I0\" width=\"350\" height=\"196\"><\/iframe><\/p>\n<p><iframe loading=\"lazy\" src=\"\/\/www.youtube.com\/embed\/olJib5630pE\" width=\"350\" height=\"196\"><\/iframe><\/p>\n","protected":false},"excerpt":{"rendered":"<p>LA M\u00daSICA\u00a0 ARRIBA\u00a0 A LES CLASSES DE CINQU\u00c8<br \/>\nAquest trimestre estem treballant les diferents fam\u00edlies dels instruments musicals.<br \/>\nA m\u00e9s hem\u00a0 constru\u00eft alguns instruments musicals de manera cassolana i ecol\u00f2gica.<br \/>\nCom diu l\u00b4Abril de cinqu\u00e8-C :- Jo he fet el meu instrument amb tot el material reciclat, per&hellip;  <a href=\"https:\/\/agora.xtec.cat\/ceip-joan-coret\/general\/la-musica-toca-a-la-classe-de-cinque\/\" title=\"Read LA M\u00daSICA TOCA A LA CLASSE DE CINQU\u00c8&#8230;&#8230;.\">Llegeix m\u00e9s\u00bb<\/a><\/p>\n","protected":false},"author":52,"featured_media":4628,"comment_status":"open","ping_status":"closed","sticky":false,"template":"","format":"standard","meta":{"_bbp_topic_count":0,"_bbp_reply_count":0,"_bbp_total_topic_count":0,"_bbp_total_reply_count":0,"_bbp_voice_count":0,"_bbp_anonymous_reply_count":0,"_bbp_topic_count_hidden":0,"_bbp_reply_count_hidden":0,"_bbp_forum_subforum_count":0,"footnotes":""},"categories":[14,1,60,61,4],"tags":[370,62],"class_list":["post-4627","post","type-post","status-publish","format-standard","has-post-thumbnail","hentry","category-5e","category-general","category-musica","category-musica-primaria","category-portada","tag-cinque","tag-musica"],"post_mailing_queue_ids":[],"_links":{"self":[{"href":"https:\/\/agora.xtec.cat\/ceip-joan-coret\/wp-json\/wp\/v2\/posts\/4627","targetHints":{"allow":["GET"]}}],"collection":[{"href":"https:\/\/agora.xtec.cat\/ceip-joan-coret\/wp-json\/wp\/v2\/posts"}],"about":[{"href":"https:\/\/agora.xtec.cat\/ceip-joan-coret\/wp-json\/wp\/v2\/types\/post"}],"author":[{"embeddable":true,"href":"https:\/\/agora.xtec.cat\/ceip-joan-coret\/wp-json\/wp\/v2\/users\/52"}],"replies":[{"embeddable":true,"href":"https:\/\/agora.xtec.cat\/ceip-joan-coret\/wp-json\/wp\/v2\/comments?post=4627"}],"version-history":[{"count":4,"href":"https:\/\/agora.xtec.cat\/ceip-joan-coret\/wp-json\/wp\/v2\/posts\/4627\/revisions"}],"predecessor-version":[{"id":4653,"href":"https:\/\/agora.xtec.cat\/ceip-joan-coret\/wp-json\/wp\/v2\/posts\/4627\/revisions\/4653"}],"wp:featuredmedia":[{"embeddable":true,"href":"https:\/\/agora.xtec.cat\/ceip-joan-coret\/wp-json\/wp\/v2\/media\/4628"}],"wp:attachment":[{"href":"https:\/\/agora.xtec.cat\/ceip-joan-coret\/wp-json\/wp\/v2\/media?parent=4627"}],"wp:term":[{"taxonomy":"category","embeddable":true,"href":"https:\/\/agora.xtec.cat\/ceip-joan-coret\/wp-json\/wp\/v2\/categories?post=4627"},{"taxonomy":"post_tag","embeddable":true,"href":"https:\/\/agora.xtec.cat\/ceip-joan-coret\/wp-json\/wp\/v2\/tags?post=4627"}],"curies":[{"name":"wp","href":"https:\/\/api.w.org\/{rel}","templated":true}]}}