{"id":4549,"date":"2021-02-01T12:03:58","date_gmt":"2021-02-01T11:03:58","guid":{"rendered":"http:\/\/agora.xtec.cat\/ceip-joan-coret\/?p=4549"},"modified":"2021-02-01T12:03:58","modified_gmt":"2021-02-01T11:03:58","slug":"dia-de-la-pau","status":"publish","type":"post","link":"https:\/\/agora.xtec.cat\/ceip-joan-coret\/portada\/dia-de-la-pau\/","title":{"rendered":"Dia de la PAU"},"content":{"rendered":"<p>Des de l&#8217;escola hem volgut celebrar un dia molt important per a tots i totes i que potser no se li dona molta import\u00e0ncia des de molts aspectes. Pensem que \u00e9s fonamental per a TOTHOM i per aix\u00f2 hem volgut posar el nostre missatge al cel. Les classes de 4rt, 5\u00e8 i 6\u00e8 han fet possible aquest video que esperem que us agradi tant com a nosaltres.<\/p>\n<p>I per sobre de tot, cridem tots i totes ben fort el nostre desig de <strong>PAU.<\/strong><\/p>\n<p style=\"text-align: center;\"><iframe loading=\"lazy\" src=\"\/\/www.youtube.com\/embed\/v8BBdFhUw9o\" width=\"560\" height=\"314\"><\/iframe><\/p>\n","protected":false},"excerpt":{"rendered":"<p>Des de l&#8217;escola hem volgut celebrar un dia molt important per a tots i totes i que potser no se li dona molta import\u00e0ncia des de molts aspectes. Pensem que \u00e9s fonamental per a TOTHOM i per aix\u00f2 hem volgut posar el nostre missatge al&hellip;  <a href=\"https:\/\/agora.xtec.cat\/ceip-joan-coret\/portada\/dia-de-la-pau\/\" title=\"Read Dia de la PAU\">Llegeix m\u00e9s\u00bb<\/a><\/p>\n","protected":false},"author":3,"featured_media":4550,"comment_status":"open","ping_status":"closed","sticky":false,"template":"","format":"standard","meta":{"_bbp_topic_count":0,"_bbp_reply_count":0,"_bbp_total_topic_count":0,"_bbp_total_reply_count":0,"_bbp_voice_count":0,"_bbp_anonymous_reply_count":0,"_bbp_topic_count_hidden":0,"_bbp_reply_count_hidden":0,"_bbp_forum_subforum_count":0,"footnotes":""},"categories":[13,14,15,4],"tags":[92,368,369,367],"class_list":["post-4549","post","type-post","status-publish","format-standard","has-post-thumbnail","hentry","category-4t","category-5e","category-6e","category-portada","tag-4rt","tag-368","tag-6e-escola-joan-coret","tag-dia-de-la-pau"],"post_mailing_queue_ids":[],"_links":{"self":[{"href":"https:\/\/agora.xtec.cat\/ceip-joan-coret\/wp-json\/wp\/v2\/posts\/4549","targetHints":{"allow":["GET"]}}],"collection":[{"href":"https:\/\/agora.xtec.cat\/ceip-joan-coret\/wp-json\/wp\/v2\/posts"}],"about":[{"href":"https:\/\/agora.xtec.cat\/ceip-joan-coret\/wp-json\/wp\/v2\/types\/post"}],"author":[{"embeddable":true,"href":"https:\/\/agora.xtec.cat\/ceip-joan-coret\/wp-json\/wp\/v2\/users\/3"}],"replies":[{"embeddable":true,"href":"https:\/\/agora.xtec.cat\/ceip-joan-coret\/wp-json\/wp\/v2\/comments?post=4549"}],"version-history":[{"count":1,"href":"https:\/\/agora.xtec.cat\/ceip-joan-coret\/wp-json\/wp\/v2\/posts\/4549\/revisions"}],"predecessor-version":[{"id":4551,"href":"https:\/\/agora.xtec.cat\/ceip-joan-coret\/wp-json\/wp\/v2\/posts\/4549\/revisions\/4551"}],"wp:featuredmedia":[{"embeddable":true,"href":"https:\/\/agora.xtec.cat\/ceip-joan-coret\/wp-json\/wp\/v2\/media\/4550"}],"wp:attachment":[{"href":"https:\/\/agora.xtec.cat\/ceip-joan-coret\/wp-json\/wp\/v2\/media?parent=4549"}],"wp:term":[{"taxonomy":"category","embeddable":true,"href":"https:\/\/agora.xtec.cat\/ceip-joan-coret\/wp-json\/wp\/v2\/categories?post=4549"},{"taxonomy":"post_tag","embeddable":true,"href":"https:\/\/agora.xtec.cat\/ceip-joan-coret\/wp-json\/wp\/v2\/tags?post=4549"}],"curies":[{"name":"wp","href":"https:\/\/api.w.org\/{rel}","templated":true}]}}