{"id":4431,"date":"2020-12-17T17:23:17","date_gmt":"2020-12-17T16:23:17","guid":{"rendered":"http:\/\/agora.xtec.cat\/ceip-joan-coret\/?p=4431"},"modified":"2020-12-17T17:54:13","modified_gmt":"2020-12-17T16:54:13","slug":"setmana-de-la-ciencia-5e-a","status":"publish","type":"post","link":"https:\/\/agora.xtec.cat\/ceip-joan-coret\/general\/setmana-de-la-ciencia-5e-a\/","title":{"rendered":"Setmana de la Ci\u00e8ncia 5\u00e8 A"},"content":{"rendered":"<p><b>La classse de 5-A ha treballat a la setmana de la Ci\u00e8ncia al senyor Eduard Fontser\u00e8 i Riba. Aquest personatge va ser un meteor\u00f2leg, astr\u00f2nom i sism\u00f2leg catal\u00e0. Fundador i director del Servei Meteorol\u00f2gic de Catalunya (1921-1939).\u00a0<\/b><\/p>\n<p><b>Es pot considerar el pare de la meteorologia professional a Catalunya i de la professionalitzaci\u00f3 cient\u00edfica i acad\u00e8mica de la meteorologia catalana.<\/b><\/p>\n<p><b>Aquest trimestre els nens i les nenes de cinqu\u00e8 de prim\u00e0ria han estudiat l\u00b4atmosfera i un apartat del tema era els aparells meteorol\u00f2gics. Per aix\u00f2, hem aprofitat i hem constru\u00eft dos aparells meteorol\u00f2gics: l\u00b4anen\u00f2metre i la comprovaci\u00f3\u00a0 si l\u00b4aire pesa o no.<\/b><\/p>\n<p><b>Esperem que us agradi.<\/b><\/p>\n<p><b>La classe de Cinqu\u00e8-A<\/b><\/p>\n<p><iframe loading=\"lazy\" src=\"\/\/www.youtube.com\/embed\/tribNE698NE\" width=\"560\" height=\"314\"><\/iframe><\/p>\n<p><a href=\"https:\/\/youtu.be\/b2l7jxGDsu0\"><b>https:\/\/youtu.be\/b2l7jxGDsu0<\/b><\/a><b> ANEM\u00d2METRE<\/b><\/p>\n<p><a href=\"https:\/\/youtu.be\/AEGzgoqGXdw\"><b>https:\/\/youtu.be\/AEGzgoqGXdw<\/b><\/a><b> EL PES DE L\u00b4Aire<\/b><\/p>\n","protected":false},"excerpt":{"rendered":"<p>La classse de 5-A ha treballat a la setmana de la Ci\u00e8ncia al senyor Eduard Fontser\u00e8 i Riba. Aquest personatge va ser un meteor\u00f2leg, astr\u00f2nom i sism\u00f2leg catal\u00e0. Fundador i director del Servei Meteorol\u00f2gic de Catalunya (1921-1939).\u00a0<br \/>\nEs pot considerar el pare de la meteorologia professional&hellip;  <a href=\"https:\/\/agora.xtec.cat\/ceip-joan-coret\/general\/setmana-de-la-ciencia-5e-a\/\" title=\"Read Setmana de la Ci\u00e8ncia 5\u00e8 A\">Llegeix m\u00e9s\u00bb<\/a><\/p>\n","protected":false},"author":3,"featured_media":4432,"comment_status":"open","ping_status":"closed","sticky":false,"template":"","format":"standard","meta":{"_bbp_topic_count":0,"_bbp_reply_count":0,"_bbp_total_topic_count":0,"_bbp_total_reply_count":0,"_bbp_voice_count":0,"_bbp_anonymous_reply_count":0,"_bbp_topic_count_hidden":0,"_bbp_reply_count_hidden":0,"_bbp_forum_subforum_count":0,"footnotes":""},"categories":[14,1,4],"tags":[],"class_list":["post-4431","post","type-post","status-publish","format-standard","has-post-thumbnail","hentry","category-5e","category-general","category-portada"],"post_mailing_queue_ids":[],"_links":{"self":[{"href":"https:\/\/agora.xtec.cat\/ceip-joan-coret\/wp-json\/wp\/v2\/posts\/4431","targetHints":{"allow":["GET"]}}],"collection":[{"href":"https:\/\/agora.xtec.cat\/ceip-joan-coret\/wp-json\/wp\/v2\/posts"}],"about":[{"href":"https:\/\/agora.xtec.cat\/ceip-joan-coret\/wp-json\/wp\/v2\/types\/post"}],"author":[{"embeddable":true,"href":"https:\/\/agora.xtec.cat\/ceip-joan-coret\/wp-json\/wp\/v2\/users\/3"}],"replies":[{"embeddable":true,"href":"https:\/\/agora.xtec.cat\/ceip-joan-coret\/wp-json\/wp\/v2\/comments?post=4431"}],"version-history":[{"count":2,"href":"https:\/\/agora.xtec.cat\/ceip-joan-coret\/wp-json\/wp\/v2\/posts\/4431\/revisions"}],"predecessor-version":[{"id":4434,"href":"https:\/\/agora.xtec.cat\/ceip-joan-coret\/wp-json\/wp\/v2\/posts\/4431\/revisions\/4434"}],"wp:featuredmedia":[{"embeddable":true,"href":"https:\/\/agora.xtec.cat\/ceip-joan-coret\/wp-json\/wp\/v2\/media\/4432"}],"wp:attachment":[{"href":"https:\/\/agora.xtec.cat\/ceip-joan-coret\/wp-json\/wp\/v2\/media?parent=4431"}],"wp:term":[{"taxonomy":"category","embeddable":true,"href":"https:\/\/agora.xtec.cat\/ceip-joan-coret\/wp-json\/wp\/v2\/categories?post=4431"},{"taxonomy":"post_tag","embeddable":true,"href":"https:\/\/agora.xtec.cat\/ceip-joan-coret\/wp-json\/wp\/v2\/tags?post=4431"}],"curies":[{"name":"wp","href":"https:\/\/api.w.org\/{rel}","templated":true}]}}