{"id":4424,"date":"2020-12-15T13:32:23","date_gmt":"2020-12-15T12:32:23","guid":{"rendered":"http:\/\/agora.xtec.cat\/ceip-joan-coret\/?p=4424"},"modified":"2020-12-15T16:58:49","modified_gmt":"2020-12-15T15:58:49","slug":"experiment-cicle-de-laigua","status":"publish","type":"post","link":"https:\/\/agora.xtec.cat\/ceip-joan-coret\/general\/experiment-cicle-de-laigua\/","title":{"rendered":"EXPERIMENT CICLE DE L&#8217;AIGUA"},"content":{"rendered":"<p>Els nens i nenes de 1r hem fet un experiment sobre el cicle de l&#8217;aigua per a la Setmana de la Ci\u00e8ncia. Hem treballat la figura de l&#8217;Eduard Fontser\u00e8 i Riba, meteor\u00f2leg, astron\u00f2m i sism\u00f2leg catal\u00e0.<\/p>\n<p>Us convidem a veure els nostres v\u00eddeos on els infants expliquen el que han fet.<\/p>\n<p style=\"text-align: center;\">Esperem que us agradin !!!<\/p>\n<p style=\"text-align: right;\">\u00a0 \u00a0 \u00a0 \u00a0 \u00a0 \u00a0 \u00a0 \u00a0 \u00a0 \u00a0 \u00a0 \u00a0 \u00a0 \u00a0 \u00a0 \u00a0 \u00a0 \u00a0 \u00a0Albert, Judith i Pilar<\/p>\n<p><iframe loading=\"lazy\" src=\"\/\/www.youtube.com\/embed\/TWYfMvI9jmI\" width=\"300\" height=\"168\"><\/iframe><iframe loading=\"lazy\" src=\"\/\/www.youtube.com\/embed\/um3NjSRAa-w\" width=\"300\" height=\"168\"><\/iframe><\/p>\n<p><iframe loading=\"lazy\" src=\"\/\/www.youtube.com\/embed\/tF9M5-52wNE\" width=\"300\" height=\"168\"><\/iframe><\/p>\n<p>&nbsp;<\/p>\n","protected":false},"excerpt":{"rendered":"<p>Els nens i nenes de 1r hem fet un experiment sobre el cicle de l&#8217;aigua per a la Setmana de la Ci\u00e8ncia. Hem treballat la figura de l&#8217;Eduard Fontser\u00e8 i Riba, meteor\u00f2leg, astron\u00f2m i sism\u00f2leg catal\u00e0.<br \/>\nUs convidem a veure els nostres v\u00eddeos on els infants&hellip;  <a href=\"https:\/\/agora.xtec.cat\/ceip-joan-coret\/general\/experiment-cicle-de-laigua\/\" title=\"Read EXPERIMENT CICLE DE L&#8217;AIGUA\">Llegeix m\u00e9s\u00bb<\/a><\/p>\n","protected":false},"author":69,"featured_media":0,"comment_status":"closed","ping_status":"closed","sticky":false,"template":"","format":"standard","meta":{"_bbp_topic_count":0,"_bbp_reply_count":0,"_bbp_total_topic_count":0,"_bbp_total_reply_count":0,"_bbp_voice_count":0,"_bbp_anonymous_reply_count":0,"_bbp_topic_count_hidden":0,"_bbp_reply_count_hidden":0,"_bbp_forum_subforum_count":0,"footnotes":""},"categories":[10,1,4],"tags":[93,165,153],"class_list":["post-4424","post","type-post","status-publish","format-standard","hentry","category-1r","category-general","category-portada","tag-1r","tag-medi-natural","tag-setmana-de-la-ciencia"],"post_mailing_queue_ids":[],"_links":{"self":[{"href":"https:\/\/agora.xtec.cat\/ceip-joan-coret\/wp-json\/wp\/v2\/posts\/4424","targetHints":{"allow":["GET"]}}],"collection":[{"href":"https:\/\/agora.xtec.cat\/ceip-joan-coret\/wp-json\/wp\/v2\/posts"}],"about":[{"href":"https:\/\/agora.xtec.cat\/ceip-joan-coret\/wp-json\/wp\/v2\/types\/post"}],"author":[{"embeddable":true,"href":"https:\/\/agora.xtec.cat\/ceip-joan-coret\/wp-json\/wp\/v2\/users\/69"}],"replies":[{"embeddable":true,"href":"https:\/\/agora.xtec.cat\/ceip-joan-coret\/wp-json\/wp\/v2\/comments?post=4424"}],"version-history":[{"count":3,"href":"https:\/\/agora.xtec.cat\/ceip-joan-coret\/wp-json\/wp\/v2\/posts\/4424\/revisions"}],"predecessor-version":[{"id":4428,"href":"https:\/\/agora.xtec.cat\/ceip-joan-coret\/wp-json\/wp\/v2\/posts\/4424\/revisions\/4428"}],"wp:attachment":[{"href":"https:\/\/agora.xtec.cat\/ceip-joan-coret\/wp-json\/wp\/v2\/media?parent=4424"}],"wp:term":[{"taxonomy":"category","embeddable":true,"href":"https:\/\/agora.xtec.cat\/ceip-joan-coret\/wp-json\/wp\/v2\/categories?post=4424"},{"taxonomy":"post_tag","embeddable":true,"href":"https:\/\/agora.xtec.cat\/ceip-joan-coret\/wp-json\/wp\/v2\/tags?post=4424"}],"curies":[{"name":"wp","href":"https:\/\/api.w.org\/{rel}","templated":true}]}}