{"id":4396,"date":"2020-12-14T14:02:36","date_gmt":"2020-12-14T13:02:36","guid":{"rendered":"http:\/\/agora.xtec.cat\/ceip-joan-coret\/?p=4396"},"modified":"2020-12-17T12:48:42","modified_gmt":"2020-12-17T11:48:42","slug":"setmana-de-la-ciencia-lampada-de-lava","status":"publish","type":"post","link":"https:\/\/agora.xtec.cat\/ceip-joan-coret\/general\/setmana-de-la-ciencia-lampada-de-lava\/","title":{"rendered":"Setmana de la ci\u00e8ncia: L\u00e0mpada de lava"},"content":{"rendered":"<div dir=\"auto\">\n<p>Aquest any \u00e9s el centenari del naixement del qu\u00edmic catal\u00e0 Enric Casassas i Sim\u00f3.<\/p>\n<p>En la setmana de la ci\u00e8ncia, les classes de 2n hem realitzat un experiment relacionat amb la densitat on hem constru\u00eft una &#8220;l\u00e0mpada de lava&#8221;.<\/p>\n<p>Vam gaudir molt fent-ho i acabarem bocabadats amb el resultat final.<\/p>\n<\/div>\n<div dir=\"auto\">\n<p>Aqu\u00ed est\u00e0 el v\u00eddeo de com ho v\u00e0rem fer.<\/p>\n<\/div>\n<div dir=\"auto\"><\/div>\n<div dir=\"auto\"><\/div>\n<div dir=\"auto\"><\/div>\n<div dir=\"auto\"><iframe loading=\"lazy\" src=\"\/\/www.youtube.com\/embed\/ynhfX61xYSs\" width=\"560\" height=\"314\"><\/iframe><\/div>\n<div dir=\"auto\"><\/div>\n<div dir=\"auto\"><iframe loading=\"lazy\" src=\"\/\/www.youtube.com\/embed\/e9lIWVKwN0I\" width=\"560\" height=\"314\"><\/iframe><\/div>\n<div dir=\"auto\">\n<div dir=\"auto\"><\/div>\n<\/div>\n<div dir=\"auto\"><\/div>\n","protected":false},"excerpt":{"rendered":"<p>Aquest any \u00e9s el centenari del naixement del qu\u00edmic catal\u00e0 Enric Casassas i Sim\u00f3.<br \/>\nEn la setmana de la ci\u00e8ncia, les classes de 2n hem realitzat un experiment relacionat amb la densitat on hem constru\u00eft una &#8220;l\u00e0mpada de lava&#8221;.<br \/>\nVam gaudir molt fent-ho i acabarem bocabadats amb&hellip;  <a href=\"https:\/\/agora.xtec.cat\/ceip-joan-coret\/general\/setmana-de-la-ciencia-lampada-de-lava\/\" title=\"Read Setmana de la ci\u00e8ncia: L\u00e0mpada de lava\">Llegeix m\u00e9s\u00bb<\/a><\/p>\n","protected":false},"author":69,"featured_media":4410,"comment_status":"open","ping_status":"closed","sticky":false,"template":"","format":"standard","meta":{"_bbp_topic_count":0,"_bbp_reply_count":0,"_bbp_total_topic_count":0,"_bbp_total_reply_count":0,"_bbp_voice_count":0,"_bbp_anonymous_reply_count":0,"_bbp_topic_count_hidden":0,"_bbp_reply_count_hidden":0,"_bbp_forum_subforum_count":0,"footnotes":""},"categories":[11,1,4],"tags":[94,153],"class_list":["post-4396","post","type-post","status-publish","format-standard","has-post-thumbnail","hentry","category-2n","category-general","category-portada","tag-2n","tag-setmana-de-la-ciencia"],"post_mailing_queue_ids":[],"_links":{"self":[{"href":"https:\/\/agora.xtec.cat\/ceip-joan-coret\/wp-json\/wp\/v2\/posts\/4396","targetHints":{"allow":["GET"]}}],"collection":[{"href":"https:\/\/agora.xtec.cat\/ceip-joan-coret\/wp-json\/wp\/v2\/posts"}],"about":[{"href":"https:\/\/agora.xtec.cat\/ceip-joan-coret\/wp-json\/wp\/v2\/types\/post"}],"author":[{"embeddable":true,"href":"https:\/\/agora.xtec.cat\/ceip-joan-coret\/wp-json\/wp\/v2\/users\/69"}],"replies":[{"embeddable":true,"href":"https:\/\/agora.xtec.cat\/ceip-joan-coret\/wp-json\/wp\/v2\/comments?post=4396"}],"version-history":[{"count":4,"href":"https:\/\/agora.xtec.cat\/ceip-joan-coret\/wp-json\/wp\/v2\/posts\/4396\/revisions"}],"predecessor-version":[{"id":4430,"href":"https:\/\/agora.xtec.cat\/ceip-joan-coret\/wp-json\/wp\/v2\/posts\/4396\/revisions\/4430"}],"wp:featuredmedia":[{"embeddable":true,"href":"https:\/\/agora.xtec.cat\/ceip-joan-coret\/wp-json\/wp\/v2\/media\/4410"}],"wp:attachment":[{"href":"https:\/\/agora.xtec.cat\/ceip-joan-coret\/wp-json\/wp\/v2\/media?parent=4396"}],"wp:term":[{"taxonomy":"category","embeddable":true,"href":"https:\/\/agora.xtec.cat\/ceip-joan-coret\/wp-json\/wp\/v2\/categories?post=4396"},{"taxonomy":"post_tag","embeddable":true,"href":"https:\/\/agora.xtec.cat\/ceip-joan-coret\/wp-json\/wp\/v2\/tags?post=4396"}],"curies":[{"name":"wp","href":"https:\/\/api.w.org\/{rel}","templated":true}]}}