{"id":4391,"date":"2020-12-11T18:00:14","date_gmt":"2020-12-11T17:00:14","guid":{"rendered":"http:\/\/agora.xtec.cat\/ceip-joan-coret\/?p=4391"},"modified":"2020-12-20T17:55:06","modified_gmt":"2020-12-20T16:55:06","slug":"setmana-de-la-ciencia-extraiem-ladn-dun-platan","status":"publish","type":"post","link":"https:\/\/agora.xtec.cat\/ceip-joan-coret\/general\/setmana-de-la-ciencia-extraiem-ladn-dun-platan\/","title":{"rendered":"SETMANA DE LA CI\u00c8NCIA: Extraiem l&#8217;ADN d&#8217;un pl\u00e0tan"},"content":{"rendered":"<p>Aquest any fa 100 anys que va n\u00e9ixer Rosalind Franklin, va ser una cient\u00edfica brit\u00e0nica que va tenir un paper destacat en la major fita del desenvolupament de la <a title=\"Biologia molecular\" href=\"https:\/\/ca.wikipedia.org\/wiki\/Biologia_molecular\">biologia molecular<\/a>, el descobriment de l&#8217;estructura de l&#8217;<a href=\"https:\/\/ca.wikipedia.org\/wiki\/Estructura_de_l%27ADN\">ADN.<\/a><\/p>\n<p>Durant la <strong>Setmana de la Ci\u00e8ncia<\/strong> els alumnes de 4t hem\u00a0 realitzat un experiment en extreure l&#8217;ADN d&#8217;una fruita, en aquest cas: un pl\u00e0tan.<\/p>\n<p>Vol\u00edem saber qu\u00e8 \u00e9s l&#8217;ADN i si tots els \u00e9ssers vius en tenen.<\/p>\n<p>Ens ho vam passar molt b\u00e9 i sobretot veient el resultat final!<\/p>\n<p>Aqu\u00ed us deixem els v\u00eddeos on us expliquem els passos que vam seguir per extreure l&#8217;ADN.<\/p>\n<p><iframe loading=\"lazy\" src=\"\/\/www.youtube.com\/embed\/a-0eby4Y4B4\" width=\"560\" height=\"314\"><\/iframe><iframe loading=\"lazy\" src=\"\/\/www.youtube.com\/embed\/uVgmTiukexg\" width=\"560\" height=\"314\"><\/iframe><iframe loading=\"lazy\" src=\"\/\/www.youtube.com\/embed\/KH7lfoMtfTk\" width=\"560\" height=\"314\"><\/iframe><\/p>\n","protected":false},"excerpt":{"rendered":"<p>Aquest any fa 100 anys que va n\u00e9ixer Rosalind Franklin, va ser una cient\u00edfica brit\u00e0nica que va tenir un paper destacat en la major fita del desenvolupament de la <a title=\"Biologia molecular\" href=\"https:\/\/ca.wikipedia.org\/wiki\/Biologia_molecular\">biologia molecular<\/a>, el descobriment de l&#8217;estructura de l&#8217;<a href=\"https:\/\/ca.wikipedia.org\/wiki\/Estructura_de_l%27ADN\">ADN.<\/a><br \/>\nDurant la Setmana de la&hellip;  <a href=\"https:\/\/agora.xtec.cat\/ceip-joan-coret\/general\/setmana-de-la-ciencia-extraiem-ladn-dun-platan\/\" title=\"Read SETMANA DE LA CI\u00c8NCIA: Extraiem l&#8217;ADN d&#8217;un pl\u00e0tan\">Llegeix m\u00e9s\u00bb<\/a><\/p>\n","protected":false},"author":2,"featured_media":4394,"comment_status":"open","ping_status":"closed","sticky":false,"template":"","format":"standard","meta":{"_bbp_topic_count":0,"_bbp_reply_count":0,"_bbp_total_topic_count":0,"_bbp_total_reply_count":0,"_bbp_voice_count":0,"_bbp_anonymous_reply_count":0,"_bbp_topic_count_hidden":0,"_bbp_reply_count_hidden":0,"_bbp_forum_subforum_count":0,"footnotes":""},"categories":[13,1,4],"tags":[],"class_list":["post-4391","post","type-post","status-publish","format-standard","has-post-thumbnail","hentry","category-4t","category-general","category-portada"],"post_mailing_queue_ids":[],"_links":{"self":[{"href":"https:\/\/agora.xtec.cat\/ceip-joan-coret\/wp-json\/wp\/v2\/posts\/4391","targetHints":{"allow":["GET"]}}],"collection":[{"href":"https:\/\/agora.xtec.cat\/ceip-joan-coret\/wp-json\/wp\/v2\/posts"}],"about":[{"href":"https:\/\/agora.xtec.cat\/ceip-joan-coret\/wp-json\/wp\/v2\/types\/post"}],"author":[{"embeddable":true,"href":"https:\/\/agora.xtec.cat\/ceip-joan-coret\/wp-json\/wp\/v2\/users\/2"}],"replies":[{"embeddable":true,"href":"https:\/\/agora.xtec.cat\/ceip-joan-coret\/wp-json\/wp\/v2\/comments?post=4391"}],"version-history":[{"count":3,"href":"https:\/\/agora.xtec.cat\/ceip-joan-coret\/wp-json\/wp\/v2\/posts\/4391\/revisions"}],"predecessor-version":[{"id":4474,"href":"https:\/\/agora.xtec.cat\/ceip-joan-coret\/wp-json\/wp\/v2\/posts\/4391\/revisions\/4474"}],"wp:featuredmedia":[{"embeddable":true,"href":"https:\/\/agora.xtec.cat\/ceip-joan-coret\/wp-json\/wp\/v2\/media\/4394"}],"wp:attachment":[{"href":"https:\/\/agora.xtec.cat\/ceip-joan-coret\/wp-json\/wp\/v2\/media?parent=4391"}],"wp:term":[{"taxonomy":"category","embeddable":true,"href":"https:\/\/agora.xtec.cat\/ceip-joan-coret\/wp-json\/wp\/v2\/categories?post=4391"},{"taxonomy":"post_tag","embeddable":true,"href":"https:\/\/agora.xtec.cat\/ceip-joan-coret\/wp-json\/wp\/v2\/tags?post=4391"}],"curies":[{"name":"wp","href":"https:\/\/api.w.org\/{rel}","templated":true}]}}