{"id":4221,"date":"2020-09-11T22:52:38","date_gmt":"2020-09-11T20:52:38","guid":{"rendered":"http:\/\/agora.xtec.cat\/ceip-joan-coret\/?p=4221"},"modified":"2020-09-11T22:52:38","modified_gmt":"2020-09-11T20:52:38","slug":"reunio-telematica-5e","status":"publish","type":"post","link":"https:\/\/agora.xtec.cat\/ceip-joan-coret\/portada\/reunio-telematica-5e\/","title":{"rendered":"Reuni\u00f3 telem\u00e0tica 5\u00e8"},"content":{"rendered":"<p>Hola! Us deixem el video de la reuni\u00f3 telem\u00e0tica de 5\u00e8 del dia 10 de setembre.<\/p>\n<p style=\"text-align: center;\"><iframe loading=\"lazy\" src=\"\/\/www.youtube.com\/embed\/lrAhYGaK0RI\" width=\"350\" height=\"196\"><\/iframe><\/p>\n","protected":false},"excerpt":{"rendered":"<p>Hola! Us deixem el video de la reuni\u00f3 telem\u00e0tica de 5\u00e8 del dia 10 de setembre.<\/p>\n","protected":false},"author":3,"featured_media":0,"comment_status":"open","ping_status":"closed","sticky":false,"template":"","format":"standard","meta":{"_bbp_topic_count":0,"_bbp_reply_count":0,"_bbp_total_topic_count":0,"_bbp_total_reply_count":0,"_bbp_voice_count":0,"_bbp_anonymous_reply_count":0,"_bbp_topic_count_hidden":0,"_bbp_reply_count_hidden":0,"_bbp_forum_subforum_count":0,"footnotes":""},"categories":[14,4],"tags":[68,360],"class_list":["post-4221","post","type-post","status-publish","format-standard","hentry","category-5e","category-portada","tag-5e","tag-inici-de-curs"],"post_mailing_queue_ids":[],"_links":{"self":[{"href":"https:\/\/agora.xtec.cat\/ceip-joan-coret\/wp-json\/wp\/v2\/posts\/4221","targetHints":{"allow":["GET"]}}],"collection":[{"href":"https:\/\/agora.xtec.cat\/ceip-joan-coret\/wp-json\/wp\/v2\/posts"}],"about":[{"href":"https:\/\/agora.xtec.cat\/ceip-joan-coret\/wp-json\/wp\/v2\/types\/post"}],"author":[{"embeddable":true,"href":"https:\/\/agora.xtec.cat\/ceip-joan-coret\/wp-json\/wp\/v2\/users\/3"}],"replies":[{"embeddable":true,"href":"https:\/\/agora.xtec.cat\/ceip-joan-coret\/wp-json\/wp\/v2\/comments?post=4221"}],"version-history":[{"count":1,"href":"https:\/\/agora.xtec.cat\/ceip-joan-coret\/wp-json\/wp\/v2\/posts\/4221\/revisions"}],"predecessor-version":[{"id":4222,"href":"https:\/\/agora.xtec.cat\/ceip-joan-coret\/wp-json\/wp\/v2\/posts\/4221\/revisions\/4222"}],"wp:attachment":[{"href":"https:\/\/agora.xtec.cat\/ceip-joan-coret\/wp-json\/wp\/v2\/media?parent=4221"}],"wp:term":[{"taxonomy":"category","embeddable":true,"href":"https:\/\/agora.xtec.cat\/ceip-joan-coret\/wp-json\/wp\/v2\/categories?post=4221"},{"taxonomy":"post_tag","embeddable":true,"href":"https:\/\/agora.xtec.cat\/ceip-joan-coret\/wp-json\/wp\/v2\/tags?post=4221"}],"curies":[{"name":"wp","href":"https:\/\/api.w.org\/{rel}","templated":true}]}}