{"id":4113,"date":"2020-06-08T00:03:39","date_gmt":"2020-06-07T22:03:39","guid":{"rendered":"http:\/\/agora.xtec.cat\/ceip-joan-coret\/?p=4113"},"modified":"2020-06-08T00:03:39","modified_gmt":"2020-06-07T22:03:39","slug":"activitats-dia-8-fins-el-dia-15-2","status":"publish","type":"post","link":"https:\/\/agora.xtec.cat\/ceip-joan-coret\/general\/activitats-dia-8-fins-el-dia-15-2\/","title":{"rendered":"ACTIVITATS DIA 8 FINS EL DIA 15"},"content":{"rendered":"<p>Bon inici de setmana fam\u00edlies. Les activitats d&#8217;avui dia 8 fins el dia 15 s\u00f3n les seg\u00fcents:<\/p>\n<p>&#8211; Catal\u00e0: 1 fitxa per preparar un dictat, 1 fitxa per fer-lo i 1 fitxa de vocabulari (la lectura ja s&#8217;inclou en les fitxes del<\/p>\n<p>dictat i del vocabulari).<\/p>\n<div><a href=\"https:\/\/agora.xtec.cat\/ceip-joan-coret\/wp-content\/uploads\/usu1194\/2020\/06\/TASCA-6-PREPARACI\u00d3-DEL-DICTAT.docx\">TASCA 6 PREPARACI\u00d3 DEL DICTAT<\/a><\/div>\n<div><\/div>\n<div><a href=\"https:\/\/agora.xtec.cat\/ceip-joan-coret\/wp-content\/uploads\/usu1194\/2020\/06\/TASCA-6-DICTAT.docx\">TASCA 6 DICTAT<\/a><\/div>\n<div><\/div>\n<div><a href=\"https:\/\/agora.xtec.cat\/ceip-joan-coret\/wp-content\/uploads\/usu1194\/2020\/06\/text-vocabulari.pdf\">text-vocabulari<\/a><\/div>\n<div><\/div>\n<div>Salutacions.<\/div>\n<div><\/div>\n<div>Guillem<\/div>\n","protected":false},"excerpt":{"rendered":"<p>Bon inici de setmana fam\u00edlies. Les activitats d&#8217;avui dia 8 fins el dia 15 s\u00f3n les seg\u00fcents:<br \/>\n&#8211; Catal\u00e0: 1 fitxa per preparar un dictat, 1 fitxa per fer-lo i 1 fitxa de vocabulari (la lectura ja s&#8217;inclou en les fitxes del<br \/>\ndictat i del vocabulari).<br \/>\n<a href=\"https:\/\/agora.xtec.cat\/ceip-joan-coret\/wp-content\/uploads\/usu1194\/2020\/06\/TASCA-6-PREPARACI\u00d3-DEL-DICTAT.docx\">TASCA&hellip;  <a href=\"https:\/\/agora.xtec.cat\/ceip-joan-coret\/general\/activitats-dia-8-fins-el-dia-15-2\/\" title=\"Read ACTIVITATS DIA 8 FINS EL DIA 15\">Llegeix m\u00e9s\u00bb<\/a><\/p>\n","protected":false},"author":2,"featured_media":0,"comment_status":"open","ping_status":"closed","sticky":false,"template":"","format":"standard","meta":{"_bbp_topic_count":0,"_bbp_reply_count":0,"_bbp_total_topic_count":0,"_bbp_total_reply_count":0,"_bbp_voice_count":0,"_bbp_anonymous_reply_count":0,"_bbp_topic_count_hidden":0,"_bbp_reply_count_hidden":0,"_bbp_forum_subforum_count":0,"footnotes":""},"categories":[12,1,5],"tags":[],"class_list":["post-4113","post","type-post","status-publish","format-standard","hentry","category-3r","category-general","category-primaria"],"post_mailing_queue_ids":[],"_links":{"self":[{"href":"https:\/\/agora.xtec.cat\/ceip-joan-coret\/wp-json\/wp\/v2\/posts\/4113","targetHints":{"allow":["GET"]}}],"collection":[{"href":"https:\/\/agora.xtec.cat\/ceip-joan-coret\/wp-json\/wp\/v2\/posts"}],"about":[{"href":"https:\/\/agora.xtec.cat\/ceip-joan-coret\/wp-json\/wp\/v2\/types\/post"}],"author":[{"embeddable":true,"href":"https:\/\/agora.xtec.cat\/ceip-joan-coret\/wp-json\/wp\/v2\/users\/2"}],"replies":[{"embeddable":true,"href":"https:\/\/agora.xtec.cat\/ceip-joan-coret\/wp-json\/wp\/v2\/comments?post=4113"}],"version-history":[{"count":1,"href":"https:\/\/agora.xtec.cat\/ceip-joan-coret\/wp-json\/wp\/v2\/posts\/4113\/revisions"}],"predecessor-version":[{"id":4117,"href":"https:\/\/agora.xtec.cat\/ceip-joan-coret\/wp-json\/wp\/v2\/posts\/4113\/revisions\/4117"}],"wp:attachment":[{"href":"https:\/\/agora.xtec.cat\/ceip-joan-coret\/wp-json\/wp\/v2\/media?parent=4113"}],"wp:term":[{"taxonomy":"category","embeddable":true,"href":"https:\/\/agora.xtec.cat\/ceip-joan-coret\/wp-json\/wp\/v2\/categories?post=4113"},{"taxonomy":"post_tag","embeddable":true,"href":"https:\/\/agora.xtec.cat\/ceip-joan-coret\/wp-json\/wp\/v2\/tags?post=4113"}],"curies":[{"name":"wp","href":"https:\/\/api.w.org\/{rel}","templated":true}]}}