{"id":4084,"date":"2020-06-04T10:20:00","date_gmt":"2020-06-04T08:20:00","guid":{"rendered":"http:\/\/agora.xtec.cat\/ceip-joan-coret\/?p=4084"},"modified":"2020-06-04T10:20:00","modified_gmt":"2020-06-04T08:20:00","slug":"catala-dia-4-de-juny-2","status":"publish","type":"post","link":"https:\/\/agora.xtec.cat\/ceip-joan-coret\/primaria\/6e\/catala-dia-4-de-juny-2\/","title":{"rendered":"Catal\u00e0 dia 4 de Juny"},"content":{"rendered":"<p class=\"MsoNormal\" style=\"margin: 0cm 0cm 8pt; line-height: normal; font-size: 11pt; font-family: Calibri, sans-serif;\"><span style=\"color: black;\">Bon dia estimats i estimades alumnes!<\/span><\/p>\n<p class=\"MsoNormal\" style=\"margin: 0cm 0cm 8pt; line-height: normal; font-size: 11pt; font-family: Calibri, sans-serif;\"><span style=\"color: black;\">Despr\u00e9s d\u2019haver treballat durant les \u00faltimes sessions la poesia, avui volem repassar una mica la gram\u00e0tica i l\u2019ortografia que hem anat treballant durant el curs. Per aix\u00f2 us hem preparat una fitxa amb diferents activitats.\u00a0<b><u>Llegiu b\u00e9 els enunciats, feu atenci\u00f3 a l\u2019ortografia, repasseu les vostres respostes i, els que ho feu a m\u00e0, tingueu cura de la lletra i la presentaci\u00f3<\/u><\/b>.<\/span><\/p>\n<p><a href=\"https:\/\/agora.xtec.cat\/ceip-joan-coret\/wp-content\/uploads\/usu1194\/2020\/06\/4-juny-PI.docx\">4 juny PI<\/a><\/p>\n<p class=\"MsoNormal\" style=\"margin: 0cm 0cm 8pt; line-height: normal; font-size: 11pt; font-family: Calibri, sans-serif;\"><span style=\"color: black;\">A m\u00e9s a m\u00e9s d\u2019aquesta feina, heu d\u2019entrar al seg\u00fcent enlla\u00e7 i realitzar una comprensi\u00f3 lectora:<\/span><\/p>\n<p class=\"MsoNormal\" style=\"margin: 0cm 0cm 0.0001pt; line-height: normal; font-size: 11pt; font-family: Calibri, sans-serif;\"><span style=\"font-size: 12pt; font-family: 'Times New Roman', serif;\">\u00a0<\/span><\/p>\n<p class=\"MsoNormal\" style=\"margin: 0cm 0cm 0.0001pt; line-height: normal; font-size: 11pt; font-family: Calibri, sans-serif;\"><span style=\"font-size: 12pt; font-family: 'Times New Roman', serif;\"><a style=\"color: #0563c1;\" href=\"https:\/\/www.liveworksheets.com\/tp111497kp\" target=\"_blank\" rel=\"noopener noreferrer\" data-saferedirecturl=\"https:\/\/www.google.com\/url?q=https:\/\/www.liveworksheets.com\/tp111497kp&amp;source=gmail&amp;ust=1591345120074000&amp;usg=AFQjCNEDWbK5N0BNkmgC67oZv1sZi5frEw\">https:\/\/www.liveworksheets.<wbr \/>com\/tp111497kp<\/a><\/span><\/p>\n<p class=\"MsoNormal\" style=\"margin: 0cm 0cm 0.0001pt; line-height: normal; font-size: 11pt; font-family: Calibri, sans-serif;\"><span style=\"font-size: 12pt; font-family: 'Times New Roman', serif;\">\u00a0<\/span><\/p>\n<p class=\"MsoNormal\" style=\"margin: 0cm 0cm 8pt; line-height: normal; font-size: 11pt; font-family: Calibri, sans-serif;\"><span style=\"color: black;\">Quan l\u2019hagueu acabat, cliqueu TERMINADO, completeu les vostres dades i ens l\u2019envieu:<\/span><\/p>\n<table style=\"font-family: Arial, Helvetica, sans-serif; font-size: small; border-collapse: collapse;\" border=\"0\" cellspacing=\"0\" cellpadding=\"0\">\n<tbody>\n<tr>\n<td style=\"font-family: Roboto, RobotoDraft, Helvetica, Arial, sans-serif; border: 1pt solid black; padding: 0cm 5.4pt;\" valign=\"top\">\n<p class=\"MsoNormal\" style=\"margin: 0cm 0cm 0.0001pt; line-height: normal; font-size: 11pt; font-family: Calibri, sans-serif;\"><span style=\"color: black;\">6\u00e8A<\/span><\/p>\n<\/td>\n<td style=\"font-family: Roboto, RobotoDraft, Helvetica, Arial, sans-serif; border-top: 1pt solid black; border-right: 1pt solid black; border-bottom: 1pt solid black; border-left: none; padding: 0cm 5.4pt;\" valign=\"top\">\n<p class=\"MsoNormal\" style=\"margin: 0cm 0cm 0.0001pt; line-height: normal; font-size: 11pt; font-family: Calibri, sans-serif;\"><span style=\"color: black;\">6\u00e8B<\/span><\/p>\n<\/td>\n<\/tr>\n<tr>\n<td style=\"font-family: Roboto, RobotoDraft, Helvetica, Arial, sans-serif; border-right: 1pt solid black; border-bottom: 1pt solid black; border-left: 1pt solid black; border-top: none; padding: 0cm 5.4pt;\" valign=\"top\">\n<p class=\"MsoNormal\" style=\"margin: 0cm 0cm 0.0001pt; line-height: normal; font-size: 11pt; font-family: Calibri, sans-serif;\"><span style=\"font-size: 12pt; font-family: 'Times New Roman', serif;\"><a style=\"color: #0563c1;\" href=\"mailto:olgaveraespinosa@gmail.com\" target=\"_blank\" rel=\"noopener noreferrer\"><span style=\"font-size: 11pt; font-family: Calibri, sans-serif;\">olgaveraespinosa@gmail.com<\/span><\/a><\/span><\/p>\n<\/td>\n<td style=\"font-family: Roboto, RobotoDraft, Helvetica, Arial, sans-serif; border-top: none; border-left: none; border-bottom: 1pt solid black; border-right: 1pt solid black; padding: 0cm 5.4pt;\" valign=\"top\">\n<p class=\"MsoNormal\" style=\"margin: 0cm 0cm 0.0001pt; line-height: normal; font-size: 11pt; font-family: Calibri, sans-serif;\"><span style=\"font-size: 12pt; font-family: 'Times New Roman', serif;\"><a style=\"color: #0563c1;\" href=\"mailto:Sescoba2@xtec.cat\" target=\"_blank\" rel=\"noopener noreferrer\"><span style=\"font-size: 11pt; font-family: Calibri, sans-serif;\">Sescoba2@xtec.cat<\/span><\/a><\/span><\/p>\n<\/td>\n<\/tr>\n<\/tbody>\n<\/table>\n<p class=\"MsoNormal\" style=\"margin: 0cm 0cm 12pt; line-height: normal; font-size: 11pt; font-family: Calibri, sans-serif;\"><span style=\"font-size: 12pt; font-family: 'Times New Roman', serif;\">\u00a0<\/span><\/p>\n<p class=\"MsoNormal\" style=\"margin: 0cm 0cm 8pt; line-height: normal; font-size: 11pt; font-family: Calibri, sans-serif;\"><span style=\"color: black;\">Bona feina!<\/span><\/p>\n","protected":false},"excerpt":{"rendered":"<p>Bon dia estimats i estimades alumnes!<br \/>\nDespr\u00e9s d\u2019haver treballat durant les \u00faltimes sessions la poesia, avui volem repassar una mica la gram\u00e0tica i l\u2019ortografia que hem anat treballant durant el curs. Per aix\u00f2 us hem preparat una fitxa amb diferents activitats.\u00a0Llegiu b\u00e9 els enunciats, feu atenci\u00f3&hellip;  <a href=\"https:\/\/agora.xtec.cat\/ceip-joan-coret\/primaria\/6e\/catala-dia-4-de-juny-2\/\" title=\"Read Catal\u00e0 dia 4 de Juny\">Llegeix m\u00e9s\u00bb<\/a><\/p>\n","protected":false},"author":3,"featured_media":0,"comment_status":"open","ping_status":"closed","sticky":false,"template":"","format":"standard","meta":{"_bbp_topic_count":0,"_bbp_reply_count":0,"_bbp_total_topic_count":0,"_bbp_total_reply_count":0,"_bbp_voice_count":0,"_bbp_anonymous_reply_count":0,"_bbp_topic_count_hidden":0,"_bbp_reply_count_hidden":0,"_bbp_forum_subforum_count":0,"footnotes":""},"categories":[15],"tags":[],"class_list":["post-4084","post","type-post","status-publish","format-standard","hentry","category-6e"],"post_mailing_queue_ids":[],"_links":{"self":[{"href":"https:\/\/agora.xtec.cat\/ceip-joan-coret\/wp-json\/wp\/v2\/posts\/4084","targetHints":{"allow":["GET"]}}],"collection":[{"href":"https:\/\/agora.xtec.cat\/ceip-joan-coret\/wp-json\/wp\/v2\/posts"}],"about":[{"href":"https:\/\/agora.xtec.cat\/ceip-joan-coret\/wp-json\/wp\/v2\/types\/post"}],"author":[{"embeddable":true,"href":"https:\/\/agora.xtec.cat\/ceip-joan-coret\/wp-json\/wp\/v2\/users\/3"}],"replies":[{"embeddable":true,"href":"https:\/\/agora.xtec.cat\/ceip-joan-coret\/wp-json\/wp\/v2\/comments?post=4084"}],"version-history":[{"count":1,"href":"https:\/\/agora.xtec.cat\/ceip-joan-coret\/wp-json\/wp\/v2\/posts\/4084\/revisions"}],"predecessor-version":[{"id":4086,"href":"https:\/\/agora.xtec.cat\/ceip-joan-coret\/wp-json\/wp\/v2\/posts\/4084\/revisions\/4086"}],"wp:attachment":[{"href":"https:\/\/agora.xtec.cat\/ceip-joan-coret\/wp-json\/wp\/v2\/media?parent=4084"}],"wp:term":[{"taxonomy":"category","embeddable":true,"href":"https:\/\/agora.xtec.cat\/ceip-joan-coret\/wp-json\/wp\/v2\/categories?post=4084"},{"taxonomy":"post_tag","embeddable":true,"href":"https:\/\/agora.xtec.cat\/ceip-joan-coret\/wp-json\/wp\/v2\/tags?post=4084"}],"curies":[{"name":"wp","href":"https:\/\/api.w.org\/{rel}","templated":true}]}}