{"id":4075,"date":"2020-06-04T09:58:19","date_gmt":"2020-06-04T07:58:19","guid":{"rendered":"http:\/\/agora.xtec.cat\/ceip-joan-coret\/?p=4075"},"modified":"2020-06-04T10:13:17","modified_gmt":"2020-06-04T08:13:17","slug":"catala-dia-4-de-juny","status":"publish","type":"post","link":"https:\/\/agora.xtec.cat\/ceip-joan-coret\/primaria\/5e\/catala-dia-4-de-juny\/","title":{"rendered":"Catal\u00e0 dia 4 de juny"},"content":{"rendered":"<p>Bon dia a tots i totes.<\/p>\n<p>Aqu\u00ed teniu les feines de catal\u00e0 per aquesta setmana.<\/p>\n<p>S\u00f3n tres textos, que heu de llegir amb atenci\u00f3 i completar all\u00f2 que se us demana.<\/p>\n<p>Els pdf s\u00f3n editables, podeu escriure all\u00e0 mateix.<\/p>\n<p style=\"font-weight: 400;\">Molt important! Recordeu dues coses b\u00e0siques:<\/p>\n<p style=\"font-weight: 400;\">Maj\u00fascula a inici de frase.<\/p>\n<p style=\"font-weight: 400;\">Punt a final de frase.<\/p>\n<p>Molt bona feina i molts \u00e0nims per acabar aquest trimestre.<\/p>\n<p><a href=\"https:\/\/agora.xtec.cat\/ceip-joan-coret\/wp-content\/uploads\/usu1194\/2020\/06\/CL1_Escriure-1.pdf\">CL1_Escriure<\/a><\/p>\n<p><a href=\"https:\/\/agora.xtec.cat\/ceip-joan-coret\/wp-content\/uploads\/usu1194\/2020\/06\/CL2_Escriure-1.pdf\">CL2_Escriure<\/a><\/p>\n<p><a href=\"https:\/\/agora.xtec.cat\/ceip-joan-coret\/wp-content\/uploads\/usu1194\/2020\/06\/CL3-Escriure-1.pdf\">CL3 Escri<\/a><a style=\"font-family: inherit; font-size: 1em;\" href=\"https:\/\/agora.xtec.cat\/ceip-joan-coret\/wp-content\/uploads\/usu1194\/2020\/06\/CL3-Escriure-1.pdf\">ure<\/a><\/p>\n<p>Una abra\u00e7ada!<\/p>\n","protected":false},"excerpt":{"rendered":"<p>Bon dia a tots i totes.<br \/>\nAqu\u00ed teniu les feines de catal\u00e0 per aquesta setmana.<br \/>\nS\u00f3n tres textos, que heu de llegir amb atenci\u00f3 i completar all\u00f2 que se us demana.<br \/>\nEls pdf s\u00f3n editables, podeu escriure all\u00e0 mateix.<br \/>\nMolt important! Recordeu dues coses b\u00e0siques:<br \/>\nMaj\u00fascula a inici de frase.<br \/>\nPunt&hellip;  <a href=\"https:\/\/agora.xtec.cat\/ceip-joan-coret\/primaria\/5e\/catala-dia-4-de-juny\/\" title=\"Read Catal\u00e0 dia 4 de juny\">Llegeix m\u00e9s\u00bb<\/a><\/p>\n","protected":false},"author":3,"featured_media":0,"comment_status":"open","ping_status":"closed","sticky":false,"template":"","format":"standard","meta":{"_bbp_topic_count":0,"_bbp_reply_count":0,"_bbp_total_topic_count":0,"_bbp_total_reply_count":0,"_bbp_voice_count":0,"_bbp_anonymous_reply_count":0,"_bbp_topic_count_hidden":0,"_bbp_reply_count_hidden":0,"_bbp_forum_subforum_count":0,"footnotes":""},"categories":[14],"tags":[],"class_list":["post-4075","post","type-post","status-publish","format-standard","hentry","category-5e"],"post_mailing_queue_ids":[],"_links":{"self":[{"href":"https:\/\/agora.xtec.cat\/ceip-joan-coret\/wp-json\/wp\/v2\/posts\/4075","targetHints":{"allow":["GET"]}}],"collection":[{"href":"https:\/\/agora.xtec.cat\/ceip-joan-coret\/wp-json\/wp\/v2\/posts"}],"about":[{"href":"https:\/\/agora.xtec.cat\/ceip-joan-coret\/wp-json\/wp\/v2\/types\/post"}],"author":[{"embeddable":true,"href":"https:\/\/agora.xtec.cat\/ceip-joan-coret\/wp-json\/wp\/v2\/users\/3"}],"replies":[{"embeddable":true,"href":"https:\/\/agora.xtec.cat\/ceip-joan-coret\/wp-json\/wp\/v2\/comments?post=4075"}],"version-history":[{"count":2,"href":"https:\/\/agora.xtec.cat\/ceip-joan-coret\/wp-json\/wp\/v2\/posts\/4075\/revisions"}],"predecessor-version":[{"id":4083,"href":"https:\/\/agora.xtec.cat\/ceip-joan-coret\/wp-json\/wp\/v2\/posts\/4075\/revisions\/4083"}],"wp:attachment":[{"href":"https:\/\/agora.xtec.cat\/ceip-joan-coret\/wp-json\/wp\/v2\/media?parent=4075"}],"wp:term":[{"taxonomy":"category","embeddable":true,"href":"https:\/\/agora.xtec.cat\/ceip-joan-coret\/wp-json\/wp\/v2\/categories?post=4075"},{"taxonomy":"post_tag","embeddable":true,"href":"https:\/\/agora.xtec.cat\/ceip-joan-coret\/wp-json\/wp\/v2\/tags?post=4075"}],"curies":[{"name":"wp","href":"https:\/\/api.w.org\/{rel}","templated":true}]}}