{"id":4059,"date":"2020-06-02T10:22:06","date_gmt":"2020-06-02T08:22:06","guid":{"rendered":"http:\/\/agora.xtec.cat\/ceip-joan-coret\/?p=4059"},"modified":"2020-06-02T10:22:06","modified_gmt":"2020-06-02T08:22:06","slug":"coneixement-del-medi-dia-2-de-juny-2","status":"publish","type":"post","link":"https:\/\/agora.xtec.cat\/ceip-joan-coret\/primaria\/6e\/coneixement-del-medi-dia-2-de-juny-2\/","title":{"rendered":"Coneixement del Medi dia 2 de Juny"},"content":{"rendered":"<p style=\"font-weight: 400;\">Bon dia nois i noies de 6\u00e8,<\/p>\n<p style=\"font-weight: 400;\">Nova setmana per endavant i ja nom\u00e9s en queden 3!<\/p>\n<p style=\"font-weight: 400;\">Avui la comencem amb les exposicions orals dels vostres treballs sobre els aparells del cos hum\u00e0. Haureu d\u2019estar molt atents i atentes, aix\u00ed com explicar-ho molt b\u00e9 als companys i companyes ja que, dem\u00e0, quan tothom hagi fet la seva exposici\u00f3, us enviarem un KAHOOT sobre el tema.<\/p>\n<p style=\"font-weight: 400;\">Aquesta, doncs, \u00e9s la vostra feina de Medi d\u2019aquesta setmana. Aix\u00ed, podeu aprofitar tamb\u00e9 per posar-vos al dia amb totes les feines que alguns\/es de vosaltres teniu pendents: recitat del poema (catal\u00e0), creaci\u00f3 pl\u00e0stica del poema que vau recitar (pl\u00e0stica), escriptura del vostre poema (catal\u00e0), missatge de comiat per als companys (valors), activitats de la Revoluci\u00f3 francesa i industrial (Medi Social), activitats interactives de les diferents \u00e0rees&#8230; Us recordem que\u00a0<strong><u>TOTES<\/u><\/strong>\u00a0les \u00e0rees s\u00f3n avaluables i s\u2019han de fer per igual.<\/p>\n<p style=\"font-weight: 400;\">\n<p style=\"font-weight: 400;\"><u>MEDI SOCIAL<\/u><\/p>\n<p style=\"font-weight: 400;\">Tamb\u00e9 us deixem uns \u00a0enlla\u00e7os per repassar una mica el tema del Sistema Solar, que tampoc vam poder acabar de treballar.<\/p>\n<p style=\"font-weight: 400;\"><a href=\"https:\/\/www.liveworksheets.com\/yi26782rh\" data-saferedirecturl=\"https:\/\/www.google.com\/url?q=https:\/\/www.liveworksheets.com\/yi26782rh&amp;source=gmail&amp;ust=1591172449087000&amp;usg=AFQjCNFxyKsOQoqYUYV16QpW0Q9r7nIZAg\">https:\/\/www.liveworksheets.com\/yi26782rh<\/a><\/p>\n<p style=\"font-weight: 400;\"><a href=\"https:\/\/www.liveworksheets.com\/is337020mu\" data-saferedirecturl=\"https:\/\/www.google.com\/url?q=https:\/\/www.liveworksheets.com\/is337020mu&amp;source=gmail&amp;ust=1591172449087000&amp;usg=AFQjCNFtaz3WVcIYfjsdTOl4881C9EGoVQ\">https:\/\/www.liveworksheets.com\/is337020mu<\/a><\/p>\n<p style=\"font-weight: 400;\">Quan les acabeu, cliqueu TERMINADO i com sempre completeu les vostres dades i\u00a0 \u00a0ens les envieu al correu:\u00a0<a href=\"mailto:olgaveraespinosa@gmail.com\">olgaveraespinosa@gmail.com<\/a><\/p>\n<p style=\"font-weight: 400;\">\n<p style=\"font-weight: 400;\">Que passeu una molt bona setmana!<\/p>\n","protected":false},"excerpt":{"rendered":"<p>Bon dia nois i noies de 6\u00e8,<br \/>\nNova setmana per endavant i ja nom\u00e9s en queden 3!<br \/>\nAvui la comencem amb les exposicions orals dels vostres treballs sobre els aparells del cos hum\u00e0. Haureu d\u2019estar molt atents i atentes, aix\u00ed com explicar-ho molt b\u00e9 als companys i&hellip;  <a href=\"https:\/\/agora.xtec.cat\/ceip-joan-coret\/primaria\/6e\/coneixement-del-medi-dia-2-de-juny-2\/\" title=\"Read Coneixement del Medi dia 2 de Juny\">Llegeix m\u00e9s\u00bb<\/a><\/p>\n","protected":false},"author":3,"featured_media":0,"comment_status":"open","ping_status":"closed","sticky":false,"template":"","format":"standard","meta":{"_bbp_topic_count":0,"_bbp_reply_count":0,"_bbp_total_topic_count":0,"_bbp_total_reply_count":0,"_bbp_voice_count":0,"_bbp_anonymous_reply_count":0,"_bbp_topic_count_hidden":0,"_bbp_reply_count_hidden":0,"_bbp_forum_subforum_count":0,"footnotes":""},"categories":[15],"tags":[],"class_list":["post-4059","post","type-post","status-publish","format-standard","hentry","category-6e"],"post_mailing_queue_ids":[],"_links":{"self":[{"href":"https:\/\/agora.xtec.cat\/ceip-joan-coret\/wp-json\/wp\/v2\/posts\/4059","targetHints":{"allow":["GET"]}}],"collection":[{"href":"https:\/\/agora.xtec.cat\/ceip-joan-coret\/wp-json\/wp\/v2\/posts"}],"about":[{"href":"https:\/\/agora.xtec.cat\/ceip-joan-coret\/wp-json\/wp\/v2\/types\/post"}],"author":[{"embeddable":true,"href":"https:\/\/agora.xtec.cat\/ceip-joan-coret\/wp-json\/wp\/v2\/users\/3"}],"replies":[{"embeddable":true,"href":"https:\/\/agora.xtec.cat\/ceip-joan-coret\/wp-json\/wp\/v2\/comments?post=4059"}],"version-history":[{"count":1,"href":"https:\/\/agora.xtec.cat\/ceip-joan-coret\/wp-json\/wp\/v2\/posts\/4059\/revisions"}],"predecessor-version":[{"id":4060,"href":"https:\/\/agora.xtec.cat\/ceip-joan-coret\/wp-json\/wp\/v2\/posts\/4059\/revisions\/4060"}],"wp:attachment":[{"href":"https:\/\/agora.xtec.cat\/ceip-joan-coret\/wp-json\/wp\/v2\/media?parent=4059"}],"wp:term":[{"taxonomy":"category","embeddable":true,"href":"https:\/\/agora.xtec.cat\/ceip-joan-coret\/wp-json\/wp\/v2\/categories?post=4059"},{"taxonomy":"post_tag","embeddable":true,"href":"https:\/\/agora.xtec.cat\/ceip-joan-coret\/wp-json\/wp\/v2\/tags?post=4059"}],"curies":[{"name":"wp","href":"https:\/\/api.w.org\/{rel}","templated":true}]}}