{"id":4051,"date":"2020-06-02T00:01:07","date_gmt":"2020-06-01T22:01:07","guid":{"rendered":"http:\/\/agora.xtec.cat\/ceip-joan-coret\/?p=4051"},"modified":"2020-06-02T00:01:07","modified_gmt":"2020-06-01T22:01:07","slug":"activitats-dia-2-fins-el-dia-9","status":"publish","type":"post","link":"https:\/\/agora.xtec.cat\/ceip-joan-coret\/general\/activitats-dia-2-fins-el-dia-9\/","title":{"rendered":"ACTIVITATS DIA 2 FINS EL DIA 9"},"content":{"rendered":"<p>Bon inici de setmana fam\u00edlies!<\/p>\n<p>Les activitats d&#8217;avui dia 2 fins el dia 9 s\u00f3n les seg\u00fcents:<\/p>\n<div>-Lectura\u00a0<i><u>Una m\u00e0 de contes<\/u><\/i>: La llebre i l&#8217;eri\u00e7\u00f3.<\/div>\n<div><\/div>\n<div><a href=\"https:\/\/www.ccma.cat\/tv3\/super3\/una-ma-de-contes\/la-llebre-i-lerico\/video\/5507211\/\" target=\"_blank\" rel=\"noopener noreferrer\" data-saferedirecturl=\"https:\/\/www.google.com\/url?q=https:\/\/www.ccma.cat\/tv3\/super3\/una-ma-de-contes\/la-llebre-i-lerico\/video\/5507211\/&amp;source=gmail&amp;ust=1591134833538000&amp;usg=AFQjCNGYVzVzE-20YKtRCYXEVSerCMFPxw\">https:\/\/www.ccma.cat\/tv3\/super3\/una-ma-de-contes\/la-llebre-i-lerico\/video\/5507211\/<\/a><\/div>\n<div><\/div>\n<div>-Matem\u00e0tiques: Tasca 7.<\/div>\n<div><\/div>\n<div><a href=\"https:\/\/agora.xtec.cat\/ceip-joan-coret\/wp-content\/uploads\/usu1194\/2020\/06\/TASCA-7-MATES.pdf\">TASCA 7 MATES<\/a><\/div>\n<div><\/div>\n<div>Salutacions.<\/div>\n<div><\/div>\n<div>Guillem<\/div>\n","protected":false},"excerpt":{"rendered":"<p>Bon inici de setmana fam\u00edlies!<br \/>\nLes activitats d&#8217;avui dia 2 fins el dia 9 s\u00f3n les seg\u00fcents:<br \/>\n-Lectura\u00a0Una m\u00e0 de contes: La llebre i l&#8217;eri\u00e7\u00f3.<\/p>\n<p><a href=\"https:\/\/www.ccma.cat\/tv3\/super3\/una-ma-de-contes\/la-llebre-i-lerico\/video\/5507211\/\" target=\"_blank\" rel=\"noopener noreferrer\" data-saferedirecturl=\"https:\/\/www.google.com\/url?q=https:\/\/www.ccma.cat\/tv3\/super3\/una-ma-de-contes\/la-llebre-i-lerico\/video\/5507211\/&amp;source=gmail&amp;ust=1591134833538000&amp;usg=AFQjCNGYVzVzE-20YKtRCYXEVSerCMFPxw\">https:\/\/www.ccma.cat\/tv3\/super3\/una-ma-de-contes\/la-llebre-i-lerico\/video\/5507211\/<\/a><\/p>\n<p>-Matem\u00e0tiques: Tasca 7.<\/p>\n<p><a href=\"https:\/\/agora.xtec.cat\/ceip-joan-coret\/wp-content\/uploads\/usu1194\/2020\/06\/TASCA-7-MATES.pdf\">TASCA 7 MATES<\/a><\/p>\n<p>Salutacions.<\/p>\n<p>Guillem<\/p>\n","protected":false},"author":2,"featured_media":0,"comment_status":"open","ping_status":"closed","sticky":false,"template":"","format":"standard","meta":{"_bbp_topic_count":0,"_bbp_reply_count":0,"_bbp_total_topic_count":0,"_bbp_total_reply_count":0,"_bbp_voice_count":0,"_bbp_anonymous_reply_count":0,"_bbp_topic_count_hidden":0,"_bbp_reply_count_hidden":0,"_bbp_forum_subforum_count":0,"footnotes":""},"categories":[12,1,5],"tags":[],"class_list":["post-4051","post","type-post","status-publish","format-standard","hentry","category-3r","category-general","category-primaria"],"post_mailing_queue_ids":[],"_links":{"self":[{"href":"https:\/\/agora.xtec.cat\/ceip-joan-coret\/wp-json\/wp\/v2\/posts\/4051","targetHints":{"allow":["GET"]}}],"collection":[{"href":"https:\/\/agora.xtec.cat\/ceip-joan-coret\/wp-json\/wp\/v2\/posts"}],"about":[{"href":"https:\/\/agora.xtec.cat\/ceip-joan-coret\/wp-json\/wp\/v2\/types\/post"}],"author":[{"embeddable":true,"href":"https:\/\/agora.xtec.cat\/ceip-joan-coret\/wp-json\/wp\/v2\/users\/2"}],"replies":[{"embeddable":true,"href":"https:\/\/agora.xtec.cat\/ceip-joan-coret\/wp-json\/wp\/v2\/comments?post=4051"}],"version-history":[{"count":1,"href":"https:\/\/agora.xtec.cat\/ceip-joan-coret\/wp-json\/wp\/v2\/posts\/4051\/revisions"}],"predecessor-version":[{"id":4053,"href":"https:\/\/agora.xtec.cat\/ceip-joan-coret\/wp-json\/wp\/v2\/posts\/4051\/revisions\/4053"}],"wp:attachment":[{"href":"https:\/\/agora.xtec.cat\/ceip-joan-coret\/wp-json\/wp\/v2\/media?parent=4051"}],"wp:term":[{"taxonomy":"category","embeddable":true,"href":"https:\/\/agora.xtec.cat\/ceip-joan-coret\/wp-json\/wp\/v2\/categories?post=4051"},{"taxonomy":"post_tag","embeddable":true,"href":"https:\/\/agora.xtec.cat\/ceip-joan-coret\/wp-json\/wp\/v2\/tags?post=4051"}],"curies":[{"name":"wp","href":"https:\/\/api.w.org\/{rel}","templated":true}]}}