{"id":4018,"date":"2020-05-28T10:09:36","date_gmt":"2020-05-28T08:09:36","guid":{"rendered":"http:\/\/agora.xtec.cat\/ceip-joan-coret\/?p=4018"},"modified":"2020-05-28T10:09:36","modified_gmt":"2020-05-28T08:09:36","slug":"catala-dia-28-de-maig","status":"publish","type":"post","link":"https:\/\/agora.xtec.cat\/ceip-joan-coret\/primaria\/6e\/catala-dia-28-de-maig\/","title":{"rendered":"Catal\u00e0 dia 28 de Maig"},"content":{"rendered":"<p dir=\"ltr\">Bon dia!!!!<\/p>\n<p dir=\"ltr\">Despr\u00e9s de treballar una miqueta la poesia, avui teniu una tasca final i important\u00edsima:<\/p>\n<ul>\n<li dir=\"ltr\">\n<p dir=\"ltr\">Fer el vostre poema!<\/p>\n<\/li>\n<\/ul>\n<p dir=\"ltr\">Aquest poema ha de tenir<b><u> m\u00ednim<\/u><\/b> 3 estrofes, o <u><b>12 versos<\/b><\/u> com el poema que vau recitar el passat dia. Per cert, encara falten alguns recitats!<\/p>\n<p>Adjunt, trobareu unes indicacions per a fer el vostre poema, i \u00e9s el que tindrem en compte a l&#8217;hora de fer-vos la valoraci\u00f3 del mateix.<\/p>\n<p><a href=\"https:\/\/agora.xtec.cat\/ceip-joan-coret\/wp-content\/uploads\/usu1194\/2020\/05\/Feina-28-de-maig.docx\">Feina 28 de maig<\/a><\/p>\n<p dir=\"ltr\">A m\u00e9s a m\u00e9s, tamb\u00e9 us hem preparat una fitxa interactiva de paraules imprescindibles ( a veure com les portem&#8230;) Per fer-ho heu de seguir el seg\u00fcent enlla\u00e7:<\/p>\n<p dir=\"ltr\"><a href=\"https:\/\/es.liveworksheets.com\/tz622571cf\" target=\"_blank\" rel=\"noopener noreferrer\" data-saferedirecturl=\"https:\/\/www.google.com\/url?q=https:\/\/es.liveworksheets.com\/tz622571cf&amp;source=gmail&amp;ust=1590739650639000&amp;usg=AFQjCNGZcNguyB5Va5rpPXF21ojOvaKdzg\">https:\/\/es.liveworksheets.com\/<wbr \/>tz622571cf<\/a><\/p>\n<p dir=\"ltr\">Un cop l\u00b4hagueu acabat, cliqueu a TERMINADO, tot seguit a ENVIAR MIS RESPUESTAS A MI PROFESORA i per \u00faltim completar les vostres dades (nom, curs, catal\u00e0) i el mail al que l\u2019heu d\u2019enviar:<\/p>\n<table>\n<colgroup>\n<col width=\"283\" \/>\n<col width=\"283\" \/><\/colgroup>\n<tbody>\n<tr>\n<td>\n<p dir=\"ltr\">6\u00e8A<\/p>\n<\/td>\n<td>\n<p dir=\"ltr\"><a href=\"mailto:olgaveraespinosa@gmail.com\" target=\"_blank\" rel=\"noopener noreferrer\">olgaveraespinosa@gmail.com<\/a><\/p>\n<\/td>\n<\/tr>\n<tr>\n<td>\n<p dir=\"ltr\">6\u00e8B<\/p>\n<\/td>\n<td>\n<p dir=\"ltr\"><a href=\"mailto:Sescoba2@xtec.cat\" target=\"_blank\" rel=\"noopener noreferrer\">Sescoba2@xtec.cat<\/a><\/p>\n<\/td>\n<\/tr>\n<\/tbody>\n<\/table>\n<p><span style=\"font-family: comic sans ms, sans-serif; font-size: large;\"><b>Recordeu que tota la feina que us enviem \u00e9s avaluable i, per tant, l&#8217;heu de fer el millor que pogueu.<\/b><\/span><\/p>\n<p dir=\"ltr\">\u201cRecordeu que la poesia \u00e9s la manifestaci\u00f3 de la bellesa o dels sentiments per mitj\u00e0 de la paraula, que genera determinades emocions al lector o la\u00a0 lectora\u201d<\/p>\n<p dir=\"ltr\"><img loading=\"lazy\" decoding=\"async\" class=\"CToWUd a6T\" tabindex=\"0\" src=\"https:\/\/lh6.googleusercontent.com\/5EIVh7UaveaELTNZxSKa_rdPmGkRwiMNCBRFq6FkAqv-RZvTPRsSQu98uvzQzoDRI-Xav8JVQwWieZLl0ILNI6jjopj6CeNRq8WMhL1tQtgF5eLjPcOzDILNtocPn9PUXExb2XM\" width=\"473\" height=\"262\" \/><\/p>\n<div class=\"yj6qo\"><\/div>\n<div class=\"adL\"><\/div>\n","protected":false},"excerpt":{"rendered":"<p>Bon dia!!!!<br \/>\nDespr\u00e9s de treballar una miqueta la poesia, avui teniu una tasca final i important\u00edsima:<\/p>\n<ul>\n<li dir=\"ltr\">\nFer el vostre poema!\n<\/li>\n<\/ul>\n<p>Aquest poema ha de tenir m\u00ednim 3 estrofes, o 12 versos com el poema que vau recitar el passat dia. Per cert, encara falten alguns recitats!<br \/>\nAdjunt, trobareu&hellip;  <a href=\"https:\/\/agora.xtec.cat\/ceip-joan-coret\/primaria\/6e\/catala-dia-28-de-maig\/\" title=\"Read Catal\u00e0 dia 28 de Maig\">Llegeix m\u00e9s\u00bb<\/a><\/p>\n","protected":false},"author":3,"featured_media":0,"comment_status":"open","ping_status":"closed","sticky":false,"template":"","format":"standard","meta":{"_bbp_topic_count":0,"_bbp_reply_count":0,"_bbp_total_topic_count":0,"_bbp_total_reply_count":0,"_bbp_voice_count":0,"_bbp_anonymous_reply_count":0,"_bbp_topic_count_hidden":0,"_bbp_reply_count_hidden":0,"_bbp_forum_subforum_count":0,"footnotes":""},"categories":[15],"tags":[65,350],"class_list":["post-4018","post","type-post","status-publish","format-standard","hentry","category-6e","tag-6e","tag-catala"],"post_mailing_queue_ids":[],"_links":{"self":[{"href":"https:\/\/agora.xtec.cat\/ceip-joan-coret\/wp-json\/wp\/v2\/posts\/4018","targetHints":{"allow":["GET"]}}],"collection":[{"href":"https:\/\/agora.xtec.cat\/ceip-joan-coret\/wp-json\/wp\/v2\/posts"}],"about":[{"href":"https:\/\/agora.xtec.cat\/ceip-joan-coret\/wp-json\/wp\/v2\/types\/post"}],"author":[{"embeddable":true,"href":"https:\/\/agora.xtec.cat\/ceip-joan-coret\/wp-json\/wp\/v2\/users\/3"}],"replies":[{"embeddable":true,"href":"https:\/\/agora.xtec.cat\/ceip-joan-coret\/wp-json\/wp\/v2\/comments?post=4018"}],"version-history":[{"count":1,"href":"https:\/\/agora.xtec.cat\/ceip-joan-coret\/wp-json\/wp\/v2\/posts\/4018\/revisions"}],"predecessor-version":[{"id":4020,"href":"https:\/\/agora.xtec.cat\/ceip-joan-coret\/wp-json\/wp\/v2\/posts\/4018\/revisions\/4020"}],"wp:attachment":[{"href":"https:\/\/agora.xtec.cat\/ceip-joan-coret\/wp-json\/wp\/v2\/media?parent=4018"}],"wp:term":[{"taxonomy":"category","embeddable":true,"href":"https:\/\/agora.xtec.cat\/ceip-joan-coret\/wp-json\/wp\/v2\/categories?post=4018"},{"taxonomy":"post_tag","embeddable":true,"href":"https:\/\/agora.xtec.cat\/ceip-joan-coret\/wp-json\/wp\/v2\/tags?post=4018"}],"curies":[{"name":"wp","href":"https:\/\/api.w.org\/{rel}","templated":true}]}}