{"id":4002,"date":"2020-05-26T19:31:43","date_gmt":"2020-05-26T17:31:43","guid":{"rendered":"http:\/\/agora.xtec.cat\/ceip-joan-coret\/?p=4002"},"modified":"2020-05-26T20:00:47","modified_gmt":"2020-05-26T18:00:47","slug":"conta-contes","status":"publish","type":"post","link":"https:\/\/agora.xtec.cat\/ceip-joan-coret\/general\/conta-contes\/","title":{"rendered":"CONTA CONTES"},"content":{"rendered":"<p>Una de les tasques que han fet els alumnes de 4t ha estat explicar un conte popular que m\u00e9s els agradi, des del principi fins al final&#8230;Aix\u00ed practiquem l&#8217;expressi\u00f3 oral!<\/p>\n<p>Voleu escoltar-los i veure que b\u00e9 se&#8217;ls d\u00f3na explicar contes..? Aqu\u00ed en teniu alguns!<\/p>\n<p><iframe loading=\"lazy\" src=\"\/\/www.youtube.com\/embed\/iu20LFgzz-4\" width=\"560\" height=\"314\"><\/iframe><iframe loading=\"lazy\" src=\"\/\/www.youtube.com\/embed\/haRNRjf_I7g\" width=\"560\" height=\"314\"><\/iframe><iframe loading=\"lazy\" src=\"\/\/www.youtube.com\/embed\/e3jFRfxX7p0\" width=\"560\" height=\"314\"><\/iframe><iframe loading=\"lazy\" src=\"\/\/www.youtube.com\/embed\/GLg_u7-bKM8\" width=\"560\" height=\"314\"><\/iframe><iframe loading=\"lazy\" src=\"\/\/www.youtube.com\/embed\/sybpjGj_vQ0\" width=\"560\" height=\"314\"><\/iframe><iframe loading=\"lazy\" src=\"\/\/www.youtube.com\/embed\/WFp6PXlE9D8\" width=\"560\" height=\"314\"><\/iframe><iframe loading=\"lazy\" src=\"\/\/www.youtube.com\/embed\/qMwh_Qg5JfQ\" width=\"560\" height=\"314\"><\/iframe><iframe loading=\"lazy\" src=\"\/\/www.youtube.com\/embed\/fbdnuQtZ9fY\" width=\"560\" height=\"314\"><\/iframe><iframe loading=\"lazy\" src=\"\/\/www.youtube.com\/embed\/UtUWSeaPV_g\" width=\"560\" height=\"314\"><\/iframe><iframe loading=\"lazy\" src=\"\/\/www.youtube.com\/embed\/Tw36m6q5MnU\" width=\"560\" height=\"314\"><\/iframe><iframe loading=\"lazy\" src=\"\/\/www.youtube.com\/embed\/jZjsxv-gW6g\" width=\"560\" height=\"314\"><\/iframe><iframe loading=\"lazy\" src=\"\/\/www.youtube.com\/embed\/Xr5ObLWN0ZI\" width=\"560\" height=\"314\"><\/iframe><\/p>\n<p>&nbsp;<\/p>\n","protected":false},"excerpt":{"rendered":"<p>Una de les tasques que han fet els alumnes de 4t ha estat explicar un conte popular que m\u00e9s els agradi, des del principi fins al final&#8230;Aix\u00ed practiquem l&#8217;expressi\u00f3 oral!<br \/>\nVoleu escoltar-los i veure que b\u00e9 se&#8217;ls d\u00f3na explicar contes..? Aqu\u00ed en teniu alguns!<\/p>\n<p>&nbsp;<\/p>\n","protected":false},"author":2,"featured_media":0,"comment_status":"open","ping_status":"closed","sticky":false,"template":"","format":"standard","meta":{"_bbp_topic_count":0,"_bbp_reply_count":0,"_bbp_total_topic_count":0,"_bbp_total_reply_count":0,"_bbp_voice_count":0,"_bbp_anonymous_reply_count":0,"_bbp_topic_count_hidden":0,"_bbp_reply_count_hidden":0,"_bbp_forum_subforum_count":0,"footnotes":""},"categories":[12,13,1,5],"tags":[],"class_list":["post-4002","post","type-post","status-publish","format-standard","hentry","category-3r","category-4t","category-general","category-primaria"],"post_mailing_queue_ids":[],"_links":{"self":[{"href":"https:\/\/agora.xtec.cat\/ceip-joan-coret\/wp-json\/wp\/v2\/posts\/4002","targetHints":{"allow":["GET"]}}],"collection":[{"href":"https:\/\/agora.xtec.cat\/ceip-joan-coret\/wp-json\/wp\/v2\/posts"}],"about":[{"href":"https:\/\/agora.xtec.cat\/ceip-joan-coret\/wp-json\/wp\/v2\/types\/post"}],"author":[{"embeddable":true,"href":"https:\/\/agora.xtec.cat\/ceip-joan-coret\/wp-json\/wp\/v2\/users\/2"}],"replies":[{"embeddable":true,"href":"https:\/\/agora.xtec.cat\/ceip-joan-coret\/wp-json\/wp\/v2\/comments?post=4002"}],"version-history":[{"count":2,"href":"https:\/\/agora.xtec.cat\/ceip-joan-coret\/wp-json\/wp\/v2\/posts\/4002\/revisions"}],"predecessor-version":[{"id":4004,"href":"https:\/\/agora.xtec.cat\/ceip-joan-coret\/wp-json\/wp\/v2\/posts\/4002\/revisions\/4004"}],"wp:attachment":[{"href":"https:\/\/agora.xtec.cat\/ceip-joan-coret\/wp-json\/wp\/v2\/media?parent=4002"}],"wp:term":[{"taxonomy":"category","embeddable":true,"href":"https:\/\/agora.xtec.cat\/ceip-joan-coret\/wp-json\/wp\/v2\/categories?post=4002"},{"taxonomy":"post_tag","embeddable":true,"href":"https:\/\/agora.xtec.cat\/ceip-joan-coret\/wp-json\/wp\/v2\/tags?post=4002"}],"curies":[{"name":"wp","href":"https:\/\/api.w.org\/{rel}","templated":true}]}}