{"id":3993,"date":"2020-05-26T11:24:39","date_gmt":"2020-05-26T09:24:39","guid":{"rendered":"http:\/\/agora.xtec.cat\/ceip-joan-coret\/?p=3993"},"modified":"2020-05-26T11:24:39","modified_gmt":"2020-05-26T09:24:39","slug":"les-maquines-dia-26-de-maig","status":"publish","type":"post","link":"https:\/\/agora.xtec.cat\/ceip-joan-coret\/primaria\/5e\/les-maquines-dia-26-de-maig\/","title":{"rendered":"Les M\u00e0quines dia 26 de maig"},"content":{"rendered":"<p style=\"font-weight: 400;\">Hola nois i noies,<\/p>\n<p style=\"font-weight: 400;\">Aquest tema de les m\u00e0quines no l\u2019hem treballat a classe. No \u00e9s un tema f\u00e0cil d\u2019entendre sense explicar i veure exemples en directe com far\u00edem a classe. Per tant, despr\u00e9s de veure les vostres activitats vull felicitar-vos a tots i totes pel vostre esfor\u00e7.<\/p>\n<p style=\"font-weight: 400;\">Aqu\u00ed teniu l\u2019esquema de les m\u00e0quines. La idea \u00e9s que les m\u00e0quines simples tenen poques peces, mentre que les m\u00e0quines complexes de peces entenen moltes.<\/p>\n<p style=\"font-weight: 400;\">Pel que fa al funcionament de la muntanya russa, primer cal que entengueu no tenen cap motor. Com es mouen tan de pressa llavors?<\/p>\n<p style=\"font-weight: 400;\">\u00c9s mouen tan r\u00e0pid gr\u00e0cies a dues forces.<\/p>\n<p style=\"font-weight: 400;\">La primera for\u00e7a primera l\u2019aconsegueixen gr\u00e0cies a la baixada. Quan el cotxe de la muntanya russa baixa per la pendent agafa velocitat i aix\u00ed supera la pujada.<\/p>\n<p style=\"font-weight: 400;\">Quan m\u00e9s alta estigui la pendent m\u00e9s r\u00e0pid baixar\u00e0 el cotxe.<\/p>\n<p style=\"font-weight: 400;\">Tamb\u00e9 interv\u00e9 la for\u00e7a de la gravetat, que \u00e9s la for\u00e7a com que la Terra atrau els objectes. Si deixen caure una pilota cap avall, aquesta ser\u00e0 atreta per la Terra i la seva velocitat de caiguda ser\u00e0 major quan m\u00e9s alt es deixi caure.<\/p>\n<p style=\"font-weight: 400;\">\n<p style=\"font-weight: 400;\">Aqu\u00ed teniu un v\u00eddeo per a qu\u00e8 experimenteu les forces que intervenen en una muntanya russa.<\/p>\n<p style=\"font-weight: 400;\">\n<p style=\"font-weight: 400;\"><a href=\"https:\/\/www.youtube.com\/watch?v=NRqUsmtqlbA\" data-saferedirecturl=\"https:\/\/www.google.com\/url?q=https:\/\/www.youtube.com\/watch?v%3DNRqUsmtqlbA&amp;source=gmail&amp;ust=1590571403918000&amp;usg=AFQjCNGaW-I_CC-qrnG4CrYitA90YdzaYg\">https:\/\/www.youtube.com\/watch?v=NRqUsmtqlbA<\/a><\/p>\n<p style=\"font-weight: 400;\">\n<p style=\"font-weight: 400;\">Disfruteu-lo!<\/p>\n","protected":false},"excerpt":{"rendered":"<p>Hola nois i noies,<br \/>\nAquest tema de les m\u00e0quines no l\u2019hem treballat a classe. No \u00e9s un tema f\u00e0cil d\u2019entendre sense explicar i veure exemples en directe com far\u00edem a classe. Per tant, despr\u00e9s de veure les vostres activitats vull felicitar-vos a tots i totes pel&hellip;  <a href=\"https:\/\/agora.xtec.cat\/ceip-joan-coret\/primaria\/5e\/les-maquines-dia-26-de-maig\/\" title=\"Read Les M\u00e0quines dia 26 de maig\">Llegeix m\u00e9s\u00bb<\/a><\/p>\n","protected":false},"author":3,"featured_media":0,"comment_status":"open","ping_status":"closed","sticky":false,"template":"","format":"standard","meta":{"_bbp_topic_count":0,"_bbp_reply_count":0,"_bbp_total_topic_count":0,"_bbp_total_reply_count":0,"_bbp_voice_count":0,"_bbp_anonymous_reply_count":0,"_bbp_topic_count_hidden":0,"_bbp_reply_count_hidden":0,"_bbp_forum_subforum_count":0,"footnotes":""},"categories":[14],"tags":[],"class_list":["post-3993","post","type-post","status-publish","format-standard","hentry","category-5e"],"post_mailing_queue_ids":[],"_links":{"self":[{"href":"https:\/\/agora.xtec.cat\/ceip-joan-coret\/wp-json\/wp\/v2\/posts\/3993","targetHints":{"allow":["GET"]}}],"collection":[{"href":"https:\/\/agora.xtec.cat\/ceip-joan-coret\/wp-json\/wp\/v2\/posts"}],"about":[{"href":"https:\/\/agora.xtec.cat\/ceip-joan-coret\/wp-json\/wp\/v2\/types\/post"}],"author":[{"embeddable":true,"href":"https:\/\/agora.xtec.cat\/ceip-joan-coret\/wp-json\/wp\/v2\/users\/3"}],"replies":[{"embeddable":true,"href":"https:\/\/agora.xtec.cat\/ceip-joan-coret\/wp-json\/wp\/v2\/comments?post=3993"}],"version-history":[{"count":1,"href":"https:\/\/agora.xtec.cat\/ceip-joan-coret\/wp-json\/wp\/v2\/posts\/3993\/revisions"}],"predecessor-version":[{"id":3994,"href":"https:\/\/agora.xtec.cat\/ceip-joan-coret\/wp-json\/wp\/v2\/posts\/3993\/revisions\/3994"}],"wp:attachment":[{"href":"https:\/\/agora.xtec.cat\/ceip-joan-coret\/wp-json\/wp\/v2\/media?parent=3993"}],"wp:term":[{"taxonomy":"category","embeddable":true,"href":"https:\/\/agora.xtec.cat\/ceip-joan-coret\/wp-json\/wp\/v2\/categories?post=3993"},{"taxonomy":"post_tag","embeddable":true,"href":"https:\/\/agora.xtec.cat\/ceip-joan-coret\/wp-json\/wp\/v2\/tags?post=3993"}],"curies":[{"name":"wp","href":"https:\/\/api.w.org\/{rel}","templated":true}]}}