{"id":3989,"date":"2020-05-26T11:19:05","date_gmt":"2020-05-26T09:19:05","guid":{"rendered":"http:\/\/agora.xtec.cat\/ceip-joan-coret\/?p=3989"},"modified":"2020-05-26T11:19:05","modified_gmt":"2020-05-26T09:19:05","slug":"medi-social-26-de-maig","status":"publish","type":"post","link":"https:\/\/agora.xtec.cat\/ceip-joan-coret\/primaria\/6e\/medi-social-26-de-maig\/","title":{"rendered":"Medi Social 26 de maig"},"content":{"rendered":"<p dir=\"ltr\">Bon dia!!!!<\/p>\n<p dir=\"ltr\">Avui us proposem una lectura dels progressos cient\u00edfics a l\u00b4edat contempor\u00e0nia entre els anys 1950 al 2000\u200e.<\/p>\n<p dir=\"ltr\">Ja sabeu que la hist\u00f2ria de la tecnologia \u00e9s l&#8217;estudi de com evoluciona la tecnologia al llarg de la hist\u00f2ria i de les seves relacions amb l&#8217;entorn social, cultural, pol\u00edtic, econ\u00f2mic, filos\u00f2fic, etc. de la poblaci\u00f3 en cada indret i \u00e8poca determinats.<\/p>\n<p dir=\"ltr\"><a href=\"https:\/\/agora.xtec.cat\/ceip-joan-coret\/wp-content\/uploads\/usu1194\/2020\/05\/feina-26-maig.docx\">feina 26 maig<\/a><\/p>\n<p dir=\"ltr\">A part d\u2019aix\u00f2, repasseu en aquesta activitat els oceans i els continents, heu de clicar el seg\u00fcent enlla\u00e7\u00a0i realitzar les dues activitats interactives que hi apareixen:<\/p>\n<p dir=\"ltr\"><a href=\"https:\/\/es.liveworksheets.com\/bo555880il\" target=\"_blank\" rel=\"noopener noreferrer\" data-saferedirecturl=\"https:\/\/www.google.com\/url?q=https:\/\/es.liveworksheets.com\/bo555880il&amp;source=gmail&amp;ust=1590571027507000&amp;usg=AFQjCNH_h-IKEvjU6UpzKFnyAi8Fr_Zfdw\">https:\/\/es.liveworksheets.com\/<wbr \/>bo555880il<\/a><\/p>\n<p dir=\"ltr\">Recordeu clicar terminado, completar les vostres dades, escriure\u00a0 medi social i afegir el nostre mail.<\/p>\n<div dir=\"ltr\" align=\"left\">\n<table>\n<colgroup>\n<col width=\"283\" \/>\n<col width=\"283\" \/><\/colgroup>\n<tbody>\n<tr>\n<td>\n<p dir=\"ltr\">Olga Vera Espinosa(6\u00e8A)<\/p>\n<\/td>\n<td>\n<p dir=\"ltr\"><a href=\"mailto:olgaveraespinosa@gmail.com\" target=\"_blank\" rel=\"noopener noreferrer\">olgaveraespinosa@gmail.com<\/a><\/p>\n<\/td>\n<\/tr>\n<tr>\n<td>\n<p dir=\"ltr\">S\u00f2nia Escobar Ruiz (6\u00e8 B)<\/p>\n<\/td>\n<td>\n<p dir=\"ltr\"><a href=\"mailto:sescoba2@xtec.cat\" target=\"_blank\" rel=\"noopener noreferrer\">sescoba2@xtec.cat<\/a><\/p>\n<\/td>\n<\/tr>\n<\/tbody>\n<\/table>\n<\/div>\n<p>&nbsp;<\/p>\n<p dir=\"ltr\">Petonets virtuals<\/p>\n<div class=\"yj6qo\"><\/div>\n<div class=\"adL\"><\/div>\n","protected":false},"excerpt":{"rendered":"<p>Bon dia!!!!<br \/>\nAvui us proposem una lectura dels progressos cient\u00edfics a l\u00b4edat contempor\u00e0nia entre els anys 1950 al 2000\u200e.<br \/>\nJa sabeu que la hist\u00f2ria de la tecnologia \u00e9s l&#8217;estudi de com evoluciona la tecnologia al llarg de la hist\u00f2ria i de les seves relacions amb l&#8217;entorn social,&hellip;  <a href=\"https:\/\/agora.xtec.cat\/ceip-joan-coret\/primaria\/6e\/medi-social-26-de-maig\/\" title=\"Read Medi Social 26 de maig\">Llegeix m\u00e9s\u00bb<\/a><\/p>\n","protected":false},"author":3,"featured_media":0,"comment_status":"open","ping_status":"closed","sticky":false,"template":"","format":"standard","meta":{"_bbp_topic_count":0,"_bbp_reply_count":0,"_bbp_total_topic_count":0,"_bbp_total_reply_count":0,"_bbp_voice_count":0,"_bbp_anonymous_reply_count":0,"_bbp_topic_count_hidden":0,"_bbp_reply_count_hidden":0,"_bbp_forum_subforum_count":0,"footnotes":""},"categories":[15],"tags":[],"class_list":["post-3989","post","type-post","status-publish","format-standard","hentry","category-6e"],"post_mailing_queue_ids":[],"_links":{"self":[{"href":"https:\/\/agora.xtec.cat\/ceip-joan-coret\/wp-json\/wp\/v2\/posts\/3989","targetHints":{"allow":["GET"]}}],"collection":[{"href":"https:\/\/agora.xtec.cat\/ceip-joan-coret\/wp-json\/wp\/v2\/posts"}],"about":[{"href":"https:\/\/agora.xtec.cat\/ceip-joan-coret\/wp-json\/wp\/v2\/types\/post"}],"author":[{"embeddable":true,"href":"https:\/\/agora.xtec.cat\/ceip-joan-coret\/wp-json\/wp\/v2\/users\/3"}],"replies":[{"embeddable":true,"href":"https:\/\/agora.xtec.cat\/ceip-joan-coret\/wp-json\/wp\/v2\/comments?post=3989"}],"version-history":[{"count":1,"href":"https:\/\/agora.xtec.cat\/ceip-joan-coret\/wp-json\/wp\/v2\/posts\/3989\/revisions"}],"predecessor-version":[{"id":3991,"href":"https:\/\/agora.xtec.cat\/ceip-joan-coret\/wp-json\/wp\/v2\/posts\/3989\/revisions\/3991"}],"wp:attachment":[{"href":"https:\/\/agora.xtec.cat\/ceip-joan-coret\/wp-json\/wp\/v2\/media?parent=3989"}],"wp:term":[{"taxonomy":"category","embeddable":true,"href":"https:\/\/agora.xtec.cat\/ceip-joan-coret\/wp-json\/wp\/v2\/categories?post=3989"},{"taxonomy":"post_tag","embeddable":true,"href":"https:\/\/agora.xtec.cat\/ceip-joan-coret\/wp-json\/wp\/v2\/tags?post=3989"}],"curies":[{"name":"wp","href":"https:\/\/api.w.org\/{rel}","templated":true}]}}