{"id":3987,"date":"2020-05-26T11:06:50","date_gmt":"2020-05-26T09:06:50","guid":{"rendered":"http:\/\/agora.xtec.cat\/ceip-joan-coret\/?p=3987"},"modified":"2020-05-26T11:06:50","modified_gmt":"2020-05-26T09:06:50","slug":"medi-social-5e-dia-26-de-maig","status":"publish","type":"post","link":"https:\/\/agora.xtec.cat\/ceip-joan-coret\/primaria\/5e\/medi-social-5e-dia-26-de-maig\/","title":{"rendered":"Medi Social 5\u00e8 dia 26 de maig"},"content":{"rendered":"<p>Hola nois i noies.<\/p>\n<p>Per aquesta setmana de medi social us he preparat un altre Kahoot, aquest sobre Gr\u00e8cia. Quan poseu el nom poseu el vostre i la primera lletra del cognom, no us inventeu cap nom, que sin\u00f3 no sabem qui est\u00e0 contestant. Tampoc val jugar moltes vegades per quedar el primer o primera, no \u00e9s cap competici\u00f3. \u00c9s una manera diferent de repassar alguns continguts.<\/p>\n<p>L&#8217;enlla\u00e7 al Kahoot \u00e9s:<\/p>\n<p><a href=\"https:\/\/kahoot.it\/challenge\/329718d4-e8b2-40f0-9d65-a70dd5c5d88e_1590418567417\" target=\"_blank\" rel=\"noopener noreferrer\" data-saferedirecturl=\"https:\/\/www.google.com\/url?q=https:\/\/kahoot.it\/challenge\/329718d4-e8b2-40f0-9d65-a70dd5c5d88e_1590418567417&amp;source=gmail&amp;ust=1590570218080000&amp;usg=AFQjCNFMUvIwK8FPxjQehvXL5rD_L8q7Dw\">https:\/\/kahoot.it\/challenge\/<wbr \/>329718d4-e8b2-40f0-9d65-<wbr \/>a70dd5c5d88e_1590418567417<\/a><\/p>\n<p>&nbsp;<\/p>\n<p>Tamb\u00e9 us deixo un enlla\u00e7 a un v\u00eddeo de Roma, per fer-vos una idea d&#8217;aquesta \u00e8poca hist\u00f2rica.<\/p>\n<p><a href=\"https:\/\/youtu.be\/Q8l1YQeVFrs\" target=\"_blank\" rel=\"noopener noreferrer\" data-saferedirecturl=\"https:\/\/www.google.com\/url?q=https:\/\/youtu.be\/Q8l1YQeVFrs&amp;source=gmail&amp;ust=1590570218081000&amp;usg=AFQjCNGUBN1v5s4yTP3zcc4l0LGzEgSDqQ\">https:\/\/youtu.be\/Q8l1YQeVFrs<\/a><\/p>\n<div>\n<div>\n<div id=\"m_-8868076992173547012gmail-:19w\">\n<div dir=\"ltr\">\n<div><\/div>\n<div>Aquesta setmana no fareu preguntes, tindreu una altra feina. Heu de buscar informaci\u00f3 sobre els edificis de l&#8217;\u00e8poca romana i fer un petit dossier o mural amb fotos, dibuixos, explicant com eren els edificis i per a qu\u00e8 els utilitzaven. Ho podeu fer com vulgueu, amb l&#8217;ordinador, amb fulls blancs, de colors&#8230; amb all\u00f2 que tingueu. Segur que quedaran unes feines molt maques!!!!<\/div>\n<div>Podeu consultar aquestes p\u00e0gines webs:<\/div>\n<div>\n<p><a href=\"http:\/\/artromacapacitacio.blogspot.com\/2017\/01\/tipus-dedificis-romans-publics.html\" target=\"_blank\" rel=\"noopener noreferrer\" data-saferedirecturl=\"https:\/\/www.google.com\/url?q=http:\/\/artromacapacitacio.blogspot.com\/2017\/01\/tipus-dedificis-romans-publics.html&amp;source=gmail&amp;ust=1590570218081000&amp;usg=AFQjCNHD95sfuDz5rJvB-VXghp3HNeA5UQ\">http:\/\/artromacapacitacio.<wbr \/>blogspot.com\/2017\/01\/tipus-<wbr \/>dedificis-romans-publics.html<\/a><\/p>\n<p><a href=\"http:\/\/classicsalaromana.blogspot.com\/2019\/11\/edificis-de-lantiga-roma.html\" target=\"_blank\" rel=\"noopener noreferrer\" data-saferedirecturl=\"https:\/\/www.google.com\/url?q=http:\/\/classicsalaromana.blogspot.com\/2019\/11\/edificis-de-lantiga-roma.html&amp;source=gmail&amp;ust=1590570218081000&amp;usg=AFQjCNGcFutWeYrhe9ncA7v7_rLb2yllqg\">http:\/\/classicsalaromana.<wbr \/>blogspot.com\/2019\/11\/edificis-<wbr \/>de-lantiga-roma.html<\/a><\/p>\n<p><a href=\"https:\/\/prezi.com\/8-gq1ytyipug\/els-edificis-romans\/\" target=\"_blank\" rel=\"noopener noreferrer\" data-saferedirecturl=\"https:\/\/www.google.com\/url?q=https:\/\/prezi.com\/8-gq1ytyipug\/els-edificis-romans\/&amp;source=gmail&amp;ust=1590570218081000&amp;usg=AFQjCNEuQbkiXkH-h5eF0C26BQbkt9qYFg\">https:\/\/prezi.com\/8-<wbr \/>gq1ytyipug\/els-edificis-<wbr \/>romans\/<\/a><\/p>\n<\/div>\n<\/div>\n<\/div>\n<div id=\"m_-8868076992173547012gmail-:197\"><\/div>\n<div><\/div>\n<\/div>\n<\/div>\n<p>Endavant i molt bona feina.<\/p>\n<div>Una abra\u00e7ada.<\/div>\n","protected":false},"excerpt":{"rendered":"<p>Hola nois i noies.<br \/>\nPer aquesta setmana de medi social us he preparat un altre Kahoot, aquest sobre Gr\u00e8cia. Quan poseu el nom poseu el vostre i la primera lletra del cognom, no us inventeu cap nom, que sin\u00f3 no sabem qui est\u00e0 contestant. Tampoc val&hellip;  <a href=\"https:\/\/agora.xtec.cat\/ceip-joan-coret\/primaria\/5e\/medi-social-5e-dia-26-de-maig\/\" title=\"Read Medi Social 5\u00e8 dia 26 de maig\">Llegeix m\u00e9s\u00bb<\/a><\/p>\n","protected":false},"author":3,"featured_media":0,"comment_status":"open","ping_status":"closed","sticky":false,"template":"","format":"standard","meta":{"_bbp_topic_count":0,"_bbp_reply_count":0,"_bbp_total_topic_count":0,"_bbp_total_reply_count":0,"_bbp_voice_count":0,"_bbp_anonymous_reply_count":0,"_bbp_topic_count_hidden":0,"_bbp_reply_count_hidden":0,"_bbp_forum_subforum_count":0,"footnotes":""},"categories":[14],"tags":[68,342],"class_list":["post-3987","post","type-post","status-publish","format-standard","hentry","category-5e","tag-5e","tag-medi-social"],"post_mailing_queue_ids":[],"_links":{"self":[{"href":"https:\/\/agora.xtec.cat\/ceip-joan-coret\/wp-json\/wp\/v2\/posts\/3987","targetHints":{"allow":["GET"]}}],"collection":[{"href":"https:\/\/agora.xtec.cat\/ceip-joan-coret\/wp-json\/wp\/v2\/posts"}],"about":[{"href":"https:\/\/agora.xtec.cat\/ceip-joan-coret\/wp-json\/wp\/v2\/types\/post"}],"author":[{"embeddable":true,"href":"https:\/\/agora.xtec.cat\/ceip-joan-coret\/wp-json\/wp\/v2\/users\/3"}],"replies":[{"embeddable":true,"href":"https:\/\/agora.xtec.cat\/ceip-joan-coret\/wp-json\/wp\/v2\/comments?post=3987"}],"version-history":[{"count":1,"href":"https:\/\/agora.xtec.cat\/ceip-joan-coret\/wp-json\/wp\/v2\/posts\/3987\/revisions"}],"predecessor-version":[{"id":3988,"href":"https:\/\/agora.xtec.cat\/ceip-joan-coret\/wp-json\/wp\/v2\/posts\/3987\/revisions\/3988"}],"wp:attachment":[{"href":"https:\/\/agora.xtec.cat\/ceip-joan-coret\/wp-json\/wp\/v2\/media?parent=3987"}],"wp:term":[{"taxonomy":"category","embeddable":true,"href":"https:\/\/agora.xtec.cat\/ceip-joan-coret\/wp-json\/wp\/v2\/categories?post=3987"},{"taxonomy":"post_tag","embeddable":true,"href":"https:\/\/agora.xtec.cat\/ceip-joan-coret\/wp-json\/wp\/v2\/tags?post=3987"}],"curies":[{"name":"wp","href":"https:\/\/api.w.org\/{rel}","templated":true}]}}