{"id":3973,"date":"2020-05-25T20:51:43","date_gmt":"2020-05-25T18:51:43","guid":{"rendered":"http:\/\/agora.xtec.cat\/ceip-joan-coret\/?p=3973"},"modified":"2020-05-26T11:21:39","modified_gmt":"2020-05-26T09:21:39","slug":"foto-matematica-2019-2020","status":"publish","type":"post","link":"https:\/\/agora.xtec.cat\/ceip-joan-coret\/portada\/foto-matematica-2019-2020\/","title":{"rendered":"Foto Matem\u00e0tica 2019-2020"},"content":{"rendered":"<p style=\"text-align: left;\">Com cada any l&#8217;escola participa al concurs de la Foto Matem\u00e0tica de l&#8217;ABEAM (Associaci\u00f3 de Barcelona per a l&#8217;estudi i l&#8217;aprenentatge de les Matem\u00e0tiques). Moltes han estat les fotos que ens heu fet arribar i, si es pogu\u00e9s, enviar\u00edem totes per al concurs per\u00f2 nom\u00e9s ens deixen enviar una en representaci\u00f3 de l&#8217;escola. Per aix\u00f2 des de l&#8217;escola fem una votaci\u00f3 i en triem quatre guanyadores (una per cada classe). Tot i que per a nosaltres totes les fotos tenen molt de valor i qualitat, aqu\u00ed teniu les fotos guanyadores:<\/p>\n<table class=\" aligncenter\" style=\"width: 424px; height: 727px;\">\n<tbody>\n<tr style=\"height: 92px;\">\n<td style=\"width: 214px; text-align: center; height: 92px;\">6\u00e8 \u00c9rika Gama:<\/p>\n<p>Les calculadores tamb\u00e9 s\u00f3n amoroses<\/td>\n<td style=\"width: 202px; text-align: center; height: 92px;\">Salma Reffai:<\/p>\n<p>Cercles que canvien la vida<\/td>\n<\/tr>\n<tr style=\"height: 308px;\">\n<td style=\"width: 214px; height: 227px;\"><a href=\"https:\/\/agora.xtec.cat\/ceip-joan-coret\/wp-content\/uploads\/usu1194\/2020\/05\/ERIKA-6-B-Les-calculadores-tamb\u00e9-s\u00f3n-amoroses.jpg\"><img loading=\"lazy\" decoding=\"async\" class=\"alignnone wp-image-3974\" src=\"https:\/\/agora.xtec.cat\/ceip-joan-coret\/wp-content\/uploads\/usu1194\/2020\/05\/ERIKA-6-B-Les-calculadores-tamb\u00e9-s\u00f3n-amoroses-225x300.jpg\" alt=\"\" width=\"193\" height=\"257\" srcset=\"https:\/\/agora.xtec.cat\/ceip-joan-coret\/wp-content\/uploads\/usu1194\/2020\/05\/ERIKA-6-B-Les-calculadores-tamb\u00e9-s\u00f3n-amoroses-225x300.jpg 225w, https:\/\/agora.xtec.cat\/ceip-joan-coret\/wp-content\/uploads\/usu1194\/2020\/05\/ERIKA-6-B-Les-calculadores-tamb\u00e9-s\u00f3n-amoroses-768x1024.jpg 768w\" sizes=\"auto, (max-width: 193px) 100vw, 193px\" \/><\/a><\/p>\n<p>&nbsp;<\/td>\n<td style=\"width: 202px; height: 227px;\"><a href=\"https:\/\/agora.xtec.cat\/ceip-joan-coret\/wp-content\/uploads\/usu1194\/2020\/05\/Salma-Reffai_Cercles-que-canvien-la-vida-jpg.jpg\"><img loading=\"lazy\" decoding=\"async\" class=\"alignnone wp-image-3975\" src=\"https:\/\/agora.xtec.cat\/ceip-joan-coret\/wp-content\/uploads\/usu1194\/2020\/05\/Salma-Reffai_Cercles-que-canvien-la-vida-jpg-226x300.jpg\" alt=\"\" width=\"191\" height=\"254\" srcset=\"https:\/\/agora.xtec.cat\/ceip-joan-coret\/wp-content\/uploads\/usu1194\/2020\/05\/Salma-Reffai_Cercles-que-canvien-la-vida-jpg-226x300.jpg 226w, https:\/\/agora.xtec.cat\/ceip-joan-coret\/wp-content\/uploads\/usu1194\/2020\/05\/Salma-Reffai_Cercles-que-canvien-la-vida-jpg.jpg 250w\" sizes=\"auto, (max-width: 191px) 100vw, 191px\" \/><\/a><\/td>\n<\/tr>\n<tr>\n<td style=\"width: 214px;\">\n<p style=\"font-family: 'Helvetica Neue', Helvetica, Helvetica, Arial, sans-serif; font-size: 14px;\">Mario Carrasco:<\/p>\n<p style=\"font-family: 'Helvetica Neue', Helvetica, Helvetica, Arial, sans-serif; font-size: 14px;\">La geometria de l&#8217;\u00e0via<\/p>\n<\/td>\n<td style=\"width: 202px;\">Iker S\u00e1nchez:<\/p>\n<p>Al ritme del comp\u00e0s<\/td>\n<\/tr>\n<tr>\n<td style=\"width: 214px;\"><a href=\"https:\/\/agora.xtec.cat\/ceip-joan-coret\/wp-content\/uploads\/usu1194\/2020\/05\/la-geometria-de-l_\u00e0via-Mario-Carrasco.jpg\"><img loading=\"lazy\" decoding=\"async\" class=\"alignnone wp-image-3979\" src=\"https:\/\/agora.xtec.cat\/ceip-joan-coret\/wp-content\/uploads\/usu1194\/2020\/05\/la-geometria-de-l_\u00e0via-Mario-Carrasco-300x201.jpg\" alt=\"\" width=\"233\" height=\"157\" srcset=\"https:\/\/agora.xtec.cat\/ceip-joan-coret\/wp-content\/uploads\/usu1194\/2020\/05\/la-geometria-de-l_\u00e0via-Mario-Carrasco-300x201.jpg 300w, https:\/\/agora.xtec.cat\/ceip-joan-coret\/wp-content\/uploads\/usu1194\/2020\/05\/la-geometria-de-l_\u00e0via-Mario-Carrasco-768x514.jpg 768w, https:\/\/agora.xtec.cat\/ceip-joan-coret\/wp-content\/uploads\/usu1194\/2020\/05\/la-geometria-de-l_\u00e0via-Mario-Carrasco.jpg 968w\" sizes=\"auto, (max-width: 233px) 100vw, 233px\" \/><\/a><\/td>\n<td style=\"width: 202px;\"><a href=\"https:\/\/agora.xtec.cat\/ceip-joan-coret\/wp-content\/uploads\/usu1194\/2020\/05\/Al-ritme-del-comp\u00e0s-Iker-S\u00e1nche.jpg\"><img loading=\"lazy\" decoding=\"async\" class=\"alignnone size-medium wp-image-3978\" src=\"https:\/\/agora.xtec.cat\/ceip-joan-coret\/wp-content\/uploads\/usu1194\/2020\/05\/Al-ritme-del-comp\u00e0s-Iker-S\u00e1nche-225x300.jpg\" alt=\"\" width=\"225\" height=\"300\" srcset=\"https:\/\/agora.xtec.cat\/ceip-joan-coret\/wp-content\/uploads\/usu1194\/2020\/05\/Al-ritme-del-comp\u00e0s-Iker-S\u00e1nche-225x300.jpg 225w, https:\/\/agora.xtec.cat\/ceip-joan-coret\/wp-content\/uploads\/usu1194\/2020\/05\/Al-ritme-del-comp\u00e0s-Iker-S\u00e1nche-768x1024.jpg 768w, https:\/\/agora.xtec.cat\/ceip-joan-coret\/wp-content\/uploads\/usu1194\/2020\/05\/Al-ritme-del-comp\u00e0s-Iker-S\u00e1nche.jpg 1536w\" sizes=\"auto, (max-width: 225px) 100vw, 225px\" \/><\/a><\/td>\n<\/tr>\n<\/tbody>\n<\/table>\n<p>&nbsp;<\/p>\n<p>&nbsp;<\/p>\n<p>LA FOTO QUE ENVIAREM AL CONCURS \u00c9S:<\/p>\n<p><strong>Salma Reffai:\u00a0 <\/strong><strong>Cercles que canvien la vida<\/strong><\/p>\n<p>Voleu veure totes les fotos que ens han fet arribar?<\/p>\n<p>Aqu\u00ed les teniu:<\/p>\n<p><a href=\"https:\/\/photos.app.goo.gl\/giTsjvrPCThWMeRZ6\" target=\"_blank\" rel=\"noopener noreferrer\">https:\/\/photos.app.goo.gl\/giTsjvrPCThWMeRZ6<\/a><\/p>\n<p>Gr\u00e0cies a tots i a totes els que heu participat!!!<\/p>\n","protected":false},"excerpt":{"rendered":"<p>Com cada any l&#8217;escola participa al concurs de la Foto Matem\u00e0tica de l&#8217;ABEAM (Associaci\u00f3 de Barcelona per a l&#8217;estudi i l&#8217;aprenentatge de les Matem\u00e0tiques). Moltes han estat les fotos que ens heu fet arribar i, si es pogu\u00e9s, enviar\u00edem totes per al concurs per\u00f2 nom\u00e9s&hellip;  <a href=\"https:\/\/agora.xtec.cat\/ceip-joan-coret\/portada\/foto-matematica-2019-2020\/\" title=\"Read Foto Matem\u00e0tica 2019-2020\">Llegeix m\u00e9s\u00bb<\/a><\/p>\n","protected":false},"author":3,"featured_media":1023,"comment_status":"open","ping_status":"closed","sticky":false,"template":"","format":"standard","meta":{"_bbp_topic_count":0,"_bbp_reply_count":0,"_bbp_total_topic_count":0,"_bbp_total_reply_count":0,"_bbp_voice_count":0,"_bbp_anonymous_reply_count":0,"_bbp_topic_count_hidden":0,"_bbp_reply_count_hidden":0,"_bbp_forum_subforum_count":0,"footnotes":""},"categories":[14,15,4],"tags":[358,120],"class_list":["post-3973","post","type-post","status-publish","format-standard","has-post-thumbnail","hentry","category-5e","category-6e","category-portada","tag-abeam","tag-foto-matematica"],"post_mailing_queue_ids":[],"_links":{"self":[{"href":"https:\/\/agora.xtec.cat\/ceip-joan-coret\/wp-json\/wp\/v2\/posts\/3973","targetHints":{"allow":["GET"]}}],"collection":[{"href":"https:\/\/agora.xtec.cat\/ceip-joan-coret\/wp-json\/wp\/v2\/posts"}],"about":[{"href":"https:\/\/agora.xtec.cat\/ceip-joan-coret\/wp-json\/wp\/v2\/types\/post"}],"author":[{"embeddable":true,"href":"https:\/\/agora.xtec.cat\/ceip-joan-coret\/wp-json\/wp\/v2\/users\/3"}],"replies":[{"embeddable":true,"href":"https:\/\/agora.xtec.cat\/ceip-joan-coret\/wp-json\/wp\/v2\/comments?post=3973"}],"version-history":[{"count":4,"href":"https:\/\/agora.xtec.cat\/ceip-joan-coret\/wp-json\/wp\/v2\/posts\/3973\/revisions"}],"predecessor-version":[{"id":3992,"href":"https:\/\/agora.xtec.cat\/ceip-joan-coret\/wp-json\/wp\/v2\/posts\/3973\/revisions\/3992"}],"wp:featuredmedia":[{"embeddable":true,"href":"https:\/\/agora.xtec.cat\/ceip-joan-coret\/wp-json\/wp\/v2\/media\/1023"}],"wp:attachment":[{"href":"https:\/\/agora.xtec.cat\/ceip-joan-coret\/wp-json\/wp\/v2\/media?parent=3973"}],"wp:term":[{"taxonomy":"category","embeddable":true,"href":"https:\/\/agora.xtec.cat\/ceip-joan-coret\/wp-json\/wp\/v2\/categories?post=3973"},{"taxonomy":"post_tag","embeddable":true,"href":"https:\/\/agora.xtec.cat\/ceip-joan-coret\/wp-json\/wp\/v2\/tags?post=3973"}],"curies":[{"name":"wp","href":"https:\/\/api.w.org\/{rel}","templated":true}]}}