{"id":3968,"date":"2020-05-25T10:14:51","date_gmt":"2020-05-25T08:14:51","guid":{"rendered":"http:\/\/agora.xtec.cat\/ceip-joan-coret\/?p=3968"},"modified":"2020-05-25T10:16:40","modified_gmt":"2020-05-25T08:16:40","slug":"mates-5e-dia-25-e-maig","status":"publish","type":"post","link":"https:\/\/agora.xtec.cat\/ceip-joan-coret\/primaria\/5e\/mates-5e-dia-25-e-maig\/","title":{"rendered":"Mates 5\u00e8 dia 25 e Maig"},"content":{"rendered":"<p>Bon dia a tots i totes.<\/p>\n<p>Comencem l&#8217;\u00faltima setmana del mes de maig. I com cada dilluns us tenim preparades unes feines de matem\u00e0tiques.<\/p>\n<p>Una fitxa de problemes, que ara feia ja molts dies que no en feien. Recordeu que heu de posar les dades, el raonament, les operacions i la resposta.<\/p>\n<p>El teniu en tractament de text i en pdf (on podeu escriure), l&#8217;enviem en els dos formats perqu\u00e8 no tingueu cap problema.<\/p>\n<p>Doc: <a href=\"https:\/\/agora.xtec.cat\/ceip-joan-coret\/wp-content\/uploads\/usu1194\/2020\/05\/Problemes.docx\">Problemes<\/a> \u00a0 \u00a0 Pdf: <a href=\"https:\/\/agora.xtec.cat\/ceip-joan-coret\/wp-content\/uploads\/usu1194\/2020\/05\/Problemes_escriure.pdf\">Problemes_escriure<\/a><\/p>\n<p>La segona feina \u00e9s l&#8217;enlla\u00e7 que teniu a continuaci\u00f3. Heu de pensar i fer c\u00e0lculs, feu les operacions en brut i despr\u00e9s ja\u00a0 a la fitxa poseu el resultat. Segur que la fareu molt b\u00e9!!<\/p>\n<p>L&#8217;enlla\u00e7 \u00e9s:<\/p>\n<div>\n<p><a href=\"https:\/\/es.liveworksheets.com\/pp259424tl\" target=\"_blank\" rel=\"noopener noreferrer\" data-saferedirecturl=\"https:\/\/www.google.com\/url?q=https:\/\/es.liveworksheets.com\/pp259424tl&amp;source=gmail&amp;ust=1590480811150000&amp;usg=AFQjCNHo1L9yV5Gd06EDY2aRSOg-5k9sXg\">https:\/\/es.liveworksheets.com\/<wbr \/>pp259424tl<\/a><\/p>\n<p>Quan la tingueu\u00a0enviar a:\u00a0<a href=\"mailto:pgarrid3@xtec.cat\" target=\"_blank\" rel=\"noopener noreferrer\">pgarrid3@xtec.cat<\/a><\/p>\n<p>Vinga, endavant amb la feina!!!<\/p>\n<p>Una abra\u00e7ada.<\/p>\n<\/div>\n","protected":false},"excerpt":{"rendered":"<p>Bon dia a tots i totes.<br \/>\nComencem l&#8217;\u00faltima setmana del mes de maig. I com cada dilluns us tenim preparades unes feines de matem\u00e0tiques.<br \/>\nUna fitxa de problemes, que ara feia ja molts dies que no en feien. Recordeu que heu de posar les dades, el raonament,&hellip;  <a href=\"https:\/\/agora.xtec.cat\/ceip-joan-coret\/primaria\/5e\/mates-5e-dia-25-e-maig\/\" title=\"Read Mates 5\u00e8 dia 25 e Maig\">Llegeix m\u00e9s\u00bb<\/a><\/p>\n","protected":false},"author":3,"featured_media":0,"comment_status":"open","ping_status":"closed","sticky":false,"template":"","format":"standard","meta":{"_bbp_topic_count":0,"_bbp_reply_count":0,"_bbp_total_topic_count":0,"_bbp_total_reply_count":0,"_bbp_voice_count":0,"_bbp_anonymous_reply_count":0,"_bbp_topic_count_hidden":0,"_bbp_reply_count_hidden":0,"_bbp_forum_subforum_count":0,"footnotes":""},"categories":[14],"tags":[68,247],"class_list":["post-3968","post","type-post","status-publish","format-standard","hentry","category-5e","tag-5e","tag-matematiques"],"post_mailing_queue_ids":[],"_links":{"self":[{"href":"https:\/\/agora.xtec.cat\/ceip-joan-coret\/wp-json\/wp\/v2\/posts\/3968","targetHints":{"allow":["GET"]}}],"collection":[{"href":"https:\/\/agora.xtec.cat\/ceip-joan-coret\/wp-json\/wp\/v2\/posts"}],"about":[{"href":"https:\/\/agora.xtec.cat\/ceip-joan-coret\/wp-json\/wp\/v2\/types\/post"}],"author":[{"embeddable":true,"href":"https:\/\/agora.xtec.cat\/ceip-joan-coret\/wp-json\/wp\/v2\/users\/3"}],"replies":[{"embeddable":true,"href":"https:\/\/agora.xtec.cat\/ceip-joan-coret\/wp-json\/wp\/v2\/comments?post=3968"}],"version-history":[{"count":2,"href":"https:\/\/agora.xtec.cat\/ceip-joan-coret\/wp-json\/wp\/v2\/posts\/3968\/revisions"}],"predecessor-version":[{"id":3972,"href":"https:\/\/agora.xtec.cat\/ceip-joan-coret\/wp-json\/wp\/v2\/posts\/3968\/revisions\/3972"}],"wp:attachment":[{"href":"https:\/\/agora.xtec.cat\/ceip-joan-coret\/wp-json\/wp\/v2\/media?parent=3968"}],"wp:term":[{"taxonomy":"category","embeddable":true,"href":"https:\/\/agora.xtec.cat\/ceip-joan-coret\/wp-json\/wp\/v2\/categories?post=3968"},{"taxonomy":"post_tag","embeddable":true,"href":"https:\/\/agora.xtec.cat\/ceip-joan-coret\/wp-json\/wp\/v2\/tags?post=3968"}],"curies":[{"name":"wp","href":"https:\/\/api.w.org\/{rel}","templated":true}]}}