{"id":3964,"date":"2020-05-25T10:12:40","date_gmt":"2020-05-25T08:12:40","guid":{"rendered":"http:\/\/agora.xtec.cat\/ceip-joan-coret\/?p=3964"},"modified":"2020-05-25T10:12:40","modified_gmt":"2020-05-25T08:12:40","slug":"mates-6e-dia-25-de-maig","status":"publish","type":"post","link":"https:\/\/agora.xtec.cat\/ceip-joan-coret\/primaria\/6e\/mates-6e-dia-25-de-maig\/","title":{"rendered":"Mates 6\u00e8 dia 25 de Maig"},"content":{"rendered":"<p style=\"font-weight: 400;\">Bon dia, nois i noies de 6\u00e8!<\/p>\n<p style=\"font-weight: 400;\">Donem el tret de sortida a una nova setmana, i ja cada vegada en queden menys, aix\u00ed que molts \u00e0nims i a topeee!<\/p>\n<p style=\"font-weight: 400;\">Avui, a matem\u00e0tiques, recuperem el tema de la geometria, que vam deixar a mitges abans del confinament. Comencem repassant els poliedres regulars, que fins i tot vam construir d\u2019aquella manera tan original amb els cordills&#8230;us en recordeu?<\/p>\n<p style=\"font-weight: 400;\">Doncs b\u00e9, heu de realitzar les activitats que apareixen a la fitxa adjunta (llegiu b\u00e9 els enunciats, reflexioneu i feu la feina el millor possible. Els exercicis que s\u2019han de resoldre amb alguna operaci\u00f3, cal que aquesta estigui al full).<\/p>\n<p>Doc: <a href=\"https:\/\/agora.xtec.cat\/ceip-joan-coret\/wp-content\/uploads\/usu1194\/2020\/05\/poliedres.docx\">poliedres<\/a> \u00a0 \u00a0 \u00a0 \u00a0 Pdf: <a href=\"https:\/\/agora.xtec.cat\/ceip-joan-coret\/wp-content\/uploads\/usu1194\/2020\/05\/poliedres.pdf\">poliedres<\/a><\/p>\n<p style=\"font-weight: 400;\">A m\u00e9s a m\u00e9s, per repassar la diferenciaci\u00f3 i el c\u00e0lcul de l\u2019\u00e0rea (recordem les f\u00f3rmules: quadrat= costat x costat, rectangle= base x altura, i triangle= base x altura dividit entre 2) i el per\u00edmetre (suma dels costats d\u2019una figura) de les figures, haureu de realitzar l\u2019activitat interactiva seg\u00fcent:<\/p>\n<p style=\"font-weight: 400;\"><a href=\"https:\/\/www.liveworksheets.com\/ae103250ua\" data-saferedirecturl=\"https:\/\/www.google.com\/url?q=https:\/\/www.liveworksheets.com\/ae103250ua&amp;source=gmail&amp;ust=1590480413267000&amp;usg=AFQjCNFV1ymX1s5ud398ll3lbluUNywKGg\">https:\/\/www.liveworksheets.com\/ae103250ua<\/a><\/p>\n<p style=\"font-weight: 400;\">Quan l\u2019acabeu, cliqueu TERMINADO, completeu les dades i ens l\u2019envieu:<\/p>\n<table style=\"font-weight: 400;\">\n<tbody>\n<tr>\n<td width=\"283\">6\u00e8A<\/td>\n<td width=\"283\">6\u00e8B<\/td>\n<\/tr>\n<tr>\n<td width=\"283\"><a href=\"mailto:olgaveraespinosa@gmal.com\">olgaveraespinosa@gmal.com<\/a><\/td>\n<td width=\"283\"><a href=\"mailto:Sescoba2@xtec.cat\">Sescoba2@xtec.cat<\/a><\/td>\n<\/tr>\n<\/tbody>\n<\/table>\n<p style=\"font-weight: 400;\">\n<p style=\"font-weight: 400;\">Bona feina i bona setmana!<\/p>\n","protected":false},"excerpt":{"rendered":"<p>Bon dia, nois i noies de 6\u00e8!<br \/>\nDonem el tret de sortida a una nova setmana, i ja cada vegada en queden menys, aix\u00ed que molts \u00e0nims i a topeee!<br \/>\nAvui, a matem\u00e0tiques, recuperem el tema de la geometria, que vam deixar a mitges abans del confinament.&hellip;  <a href=\"https:\/\/agora.xtec.cat\/ceip-joan-coret\/primaria\/6e\/mates-6e-dia-25-de-maig\/\" title=\"Read Mates 6\u00e8 dia 25 de Maig\">Llegeix m\u00e9s\u00bb<\/a><\/p>\n","protected":false},"author":3,"featured_media":0,"comment_status":"open","ping_status":"closed","sticky":false,"template":"","format":"standard","meta":{"_bbp_topic_count":0,"_bbp_reply_count":0,"_bbp_total_topic_count":0,"_bbp_total_reply_count":0,"_bbp_voice_count":0,"_bbp_anonymous_reply_count":0,"_bbp_topic_count_hidden":0,"_bbp_reply_count_hidden":0,"_bbp_forum_subforum_count":0,"footnotes":""},"categories":[15],"tags":[65,247],"class_list":["post-3964","post","type-post","status-publish","format-standard","hentry","category-6e","tag-6e","tag-matematiques"],"post_mailing_queue_ids":[],"_links":{"self":[{"href":"https:\/\/agora.xtec.cat\/ceip-joan-coret\/wp-json\/wp\/v2\/posts\/3964","targetHints":{"allow":["GET"]}}],"collection":[{"href":"https:\/\/agora.xtec.cat\/ceip-joan-coret\/wp-json\/wp\/v2\/posts"}],"about":[{"href":"https:\/\/agora.xtec.cat\/ceip-joan-coret\/wp-json\/wp\/v2\/types\/post"}],"author":[{"embeddable":true,"href":"https:\/\/agora.xtec.cat\/ceip-joan-coret\/wp-json\/wp\/v2\/users\/3"}],"replies":[{"embeddable":true,"href":"https:\/\/agora.xtec.cat\/ceip-joan-coret\/wp-json\/wp\/v2\/comments?post=3964"}],"version-history":[{"count":1,"href":"https:\/\/agora.xtec.cat\/ceip-joan-coret\/wp-json\/wp\/v2\/posts\/3964\/revisions"}],"predecessor-version":[{"id":3967,"href":"https:\/\/agora.xtec.cat\/ceip-joan-coret\/wp-json\/wp\/v2\/posts\/3964\/revisions\/3967"}],"wp:attachment":[{"href":"https:\/\/agora.xtec.cat\/ceip-joan-coret\/wp-json\/wp\/v2\/media?parent=3964"}],"wp:term":[{"taxonomy":"category","embeddable":true,"href":"https:\/\/agora.xtec.cat\/ceip-joan-coret\/wp-json\/wp\/v2\/categories?post=3964"},{"taxonomy":"post_tag","embeddable":true,"href":"https:\/\/agora.xtec.cat\/ceip-joan-coret\/wp-json\/wp\/v2\/tags?post=3964"}],"curies":[{"name":"wp","href":"https:\/\/api.w.org\/{rel}","templated":true}]}}