{"id":3957,"date":"2020-05-25T00:05:48","date_gmt":"2020-05-24T22:05:48","guid":{"rendered":"http:\/\/agora.xtec.cat\/ceip-joan-coret\/?p=3957"},"modified":"2020-05-25T00:05:48","modified_gmt":"2020-05-24T22:05:48","slug":"activitats-dia-25-fins-el-dia-1-de-juny","status":"publish","type":"post","link":"https:\/\/agora.xtec.cat\/ceip-joan-coret\/general\/activitats-dia-25-fins-el-dia-1-de-juny\/","title":{"rendered":"ACTIVITATS DIA 25 FINS EL DIA 1 DE JUNY"},"content":{"rendered":"<p>Bon inici de setmana fam\u00edlies! Les activitats d&#8217;avui dia 25 fins el dia 1 de juny s\u00f3n les seg\u00fcents:<\/p>\n<p>-Lectura i Catal\u00e0: avui la lectura i la feina de catal\u00e0 van conjuntes en la mateixa fitxa.<\/p>\n<p><a href=\"https:\/\/agora.xtec.cat\/ceip-joan-coret\/wp-content\/uploads\/usu1194\/2020\/05\/TASCA-5-.pdf\">TASCA 5<\/a><\/p>\n<div>Salutacions.<\/div>\n<div>Guillem<\/div>\n","protected":false},"excerpt":{"rendered":"<p>Bon inici de setmana fam\u00edlies! Les activitats d&#8217;avui dia 25 fins el dia 1 de juny s\u00f3n les seg\u00fcents:<br \/>\n-Lectura i Catal\u00e0: avui la lectura i la feina de catal\u00e0 van conjuntes en la mateixa fitxa.<br \/>\n<a href=\"https:\/\/agora.xtec.cat\/ceip-joan-coret\/wp-content\/uploads\/usu1194\/2020\/05\/TASCA-5-.pdf\">TASCA 5<\/a><br \/>\nSalutacions.<br \/>\nGuillem<\/p>\n","protected":false},"author":2,"featured_media":0,"comment_status":"open","ping_status":"closed","sticky":false,"template":"","format":"standard","meta":{"_bbp_topic_count":0,"_bbp_reply_count":0,"_bbp_total_topic_count":0,"_bbp_total_reply_count":0,"_bbp_voice_count":0,"_bbp_anonymous_reply_count":0,"_bbp_topic_count_hidden":0,"_bbp_reply_count_hidden":0,"_bbp_forum_subforum_count":0,"footnotes":""},"categories":[12,1,5],"tags":[],"class_list":["post-3957","post","type-post","status-publish","format-standard","hentry","category-3r","category-general","category-primaria"],"post_mailing_queue_ids":[],"_links":{"self":[{"href":"https:\/\/agora.xtec.cat\/ceip-joan-coret\/wp-json\/wp\/v2\/posts\/3957","targetHints":{"allow":["GET"]}}],"collection":[{"href":"https:\/\/agora.xtec.cat\/ceip-joan-coret\/wp-json\/wp\/v2\/posts"}],"about":[{"href":"https:\/\/agora.xtec.cat\/ceip-joan-coret\/wp-json\/wp\/v2\/types\/post"}],"author":[{"embeddable":true,"href":"https:\/\/agora.xtec.cat\/ceip-joan-coret\/wp-json\/wp\/v2\/users\/2"}],"replies":[{"embeddable":true,"href":"https:\/\/agora.xtec.cat\/ceip-joan-coret\/wp-json\/wp\/v2\/comments?post=3957"}],"version-history":[{"count":1,"href":"https:\/\/agora.xtec.cat\/ceip-joan-coret\/wp-json\/wp\/v2\/posts\/3957\/revisions"}],"predecessor-version":[{"id":3959,"href":"https:\/\/agora.xtec.cat\/ceip-joan-coret\/wp-json\/wp\/v2\/posts\/3957\/revisions\/3959"}],"wp:attachment":[{"href":"https:\/\/agora.xtec.cat\/ceip-joan-coret\/wp-json\/wp\/v2\/media?parent=3957"}],"wp:term":[{"taxonomy":"category","embeddable":true,"href":"https:\/\/agora.xtec.cat\/ceip-joan-coret\/wp-json\/wp\/v2\/categories?post=3957"},{"taxonomy":"post_tag","embeddable":true,"href":"https:\/\/agora.xtec.cat\/ceip-joan-coret\/wp-json\/wp\/v2\/tags?post=3957"}],"curies":[{"name":"wp","href":"https:\/\/api.w.org\/{rel}","templated":true}]}}