{"id":3921,"date":"2020-05-21T10:15:06","date_gmt":"2020-05-21T08:15:06","guid":{"rendered":"http:\/\/agora.xtec.cat\/ceip-joan-coret\/?p=3921"},"modified":"2020-05-21T10:15:06","modified_gmt":"2020-05-21T08:15:06","slug":"catala-dia-21-de-maig-2","status":"publish","type":"post","link":"https:\/\/agora.xtec.cat\/ceip-joan-coret\/primaria\/6e\/catala-dia-21-de-maig-2\/","title":{"rendered":"Catal\u00e0 dia 21 de Maig"},"content":{"rendered":"<p style=\"font-weight: 400;\">Bon dia poetes i poetesses de 6\u00e8,<\/p>\n<p style=\"font-weight: 400;\">Avui anem a introduir-nos en el m\u00f3n de l\u2019escriptura de poesies, amb unes activitats per comen\u00e7ar a practicar (document adjunt). I com parlem d\u2019escriptura, recordeu parar atenci\u00f3 a l\u2019ortografia.<\/p>\n<p><a href=\"https:\/\/agora.xtec.cat\/ceip-joan-coret\/wp-content\/uploads\/usu1194\/2020\/05\/Feina-21-Maig.docx\">Feina 21 Maig<\/a><\/p>\n<p style=\"font-weight: 400;\">A m\u00e9s a m\u00e9s, haureu de seguir aquest enlla\u00e7 i realitzar l\u2019activitat proposada:<\/p>\n<p style=\"font-weight: 400;\"><a href=\"https:\/\/www.liveworksheets.com\/ld206672ky\" data-saferedirecturl=\"https:\/\/www.google.com\/url?q=https:\/\/www.liveworksheets.com\/ld206672ky&amp;source=gmail&amp;ust=1590135206581000&amp;usg=AFQjCNGsDXW4S567HnSlHqSr6u_wV0Jh5g\">https:\/\/www.liveworksheets.com\/ld206672ky<\/a><\/p>\n<p style=\"font-weight: 400;\">Quan l\u2019hagueu acabat ens l\u2019envieu a les adreces de sempre:<\/p>\n<table style=\"font-weight: 400;\">\n<tbody>\n<tr>\n<td width=\"283\"><strong>6\u00e8A<\/strong><\/td>\n<td width=\"283\"><strong>6\u00e8B<\/strong><\/td>\n<\/tr>\n<tr>\n<td width=\"283\"><a href=\"mailto:olgaveraespinosa@gmail.com\">olgaveraespinosa@gmail.com<\/a><\/p>\n<p>&nbsp;<\/td>\n<td width=\"283\"><a href=\"mailto:Sescoba2@xtec.cat\">Sescoba2@xtec.cat<\/a><\/p>\n<p>&nbsp;<\/td>\n<\/tr>\n<\/tbody>\n<\/table>\n<p style=\"font-weight: 400;\">\n<p style=\"font-weight: 400;\">\u00a0Bona feina!<\/p>\n","protected":false},"excerpt":{"rendered":"<p>Bon dia poetes i poetesses de 6\u00e8,<br \/>\nAvui anem a introduir-nos en el m\u00f3n de l\u2019escriptura de poesies, amb unes activitats per comen\u00e7ar a practicar (document adjunt). I com parlem d\u2019escriptura, recordeu parar atenci\u00f3 a l\u2019ortografia.<br \/>\n<a href=\"https:\/\/agora.xtec.cat\/ceip-joan-coret\/wp-content\/uploads\/usu1194\/2020\/05\/Feina-21-Maig.docx\">Feina 21 Maig<\/a><br \/>\nA m\u00e9s a m\u00e9s, haureu de seguir aquest&hellip;  <a href=\"https:\/\/agora.xtec.cat\/ceip-joan-coret\/primaria\/6e\/catala-dia-21-de-maig-2\/\" title=\"Read Catal\u00e0 dia 21 de Maig\">Llegeix m\u00e9s\u00bb<\/a><\/p>\n","protected":false},"author":3,"featured_media":0,"comment_status":"open","ping_status":"closed","sticky":false,"template":"","format":"standard","meta":{"_bbp_topic_count":0,"_bbp_reply_count":0,"_bbp_total_topic_count":0,"_bbp_total_reply_count":0,"_bbp_voice_count":0,"_bbp_anonymous_reply_count":0,"_bbp_topic_count_hidden":0,"_bbp_reply_count_hidden":0,"_bbp_forum_subforum_count":0,"footnotes":""},"categories":[15],"tags":[65,350],"class_list":["post-3921","post","type-post","status-publish","format-standard","hentry","category-6e","tag-6e","tag-catala"],"post_mailing_queue_ids":[],"_links":{"self":[{"href":"https:\/\/agora.xtec.cat\/ceip-joan-coret\/wp-json\/wp\/v2\/posts\/3921","targetHints":{"allow":["GET"]}}],"collection":[{"href":"https:\/\/agora.xtec.cat\/ceip-joan-coret\/wp-json\/wp\/v2\/posts"}],"about":[{"href":"https:\/\/agora.xtec.cat\/ceip-joan-coret\/wp-json\/wp\/v2\/types\/post"}],"author":[{"embeddable":true,"href":"https:\/\/agora.xtec.cat\/ceip-joan-coret\/wp-json\/wp\/v2\/users\/3"}],"replies":[{"embeddable":true,"href":"https:\/\/agora.xtec.cat\/ceip-joan-coret\/wp-json\/wp\/v2\/comments?post=3921"}],"version-history":[{"count":1,"href":"https:\/\/agora.xtec.cat\/ceip-joan-coret\/wp-json\/wp\/v2\/posts\/3921\/revisions"}],"predecessor-version":[{"id":3923,"href":"https:\/\/agora.xtec.cat\/ceip-joan-coret\/wp-json\/wp\/v2\/posts\/3921\/revisions\/3923"}],"wp:attachment":[{"href":"https:\/\/agora.xtec.cat\/ceip-joan-coret\/wp-json\/wp\/v2\/media?parent=3921"}],"wp:term":[{"taxonomy":"category","embeddable":true,"href":"https:\/\/agora.xtec.cat\/ceip-joan-coret\/wp-json\/wp\/v2\/categories?post=3921"},{"taxonomy":"post_tag","embeddable":true,"href":"https:\/\/agora.xtec.cat\/ceip-joan-coret\/wp-json\/wp\/v2\/tags?post=3921"}],"curies":[{"name":"wp","href":"https:\/\/api.w.org\/{rel}","templated":true}]}}