{"id":3871,"date":"2020-05-19T11:02:34","date_gmt":"2020-05-19T09:02:34","guid":{"rendered":"http:\/\/agora.xtec.cat\/ceip-joan-coret\/?p=3871"},"modified":"2020-05-19T12:21:26","modified_gmt":"2020-05-19T10:21:26","slug":"medi-natural-5e-dia-19-de-maig","status":"publish","type":"post","link":"https:\/\/agora.xtec.cat\/ceip-joan-coret\/primaria\/5e\/medi-natural-5e-dia-19-de-maig\/","title":{"rendered":"Medi Natural 5\u00e8 dia 19 de Maig"},"content":{"rendered":"<p style=\"font-weight: 400;\">Bon dia nois i noies,<\/p>\n<p style=\"font-weight: 400;\">Aqu\u00ed teniu les feines de medi natural.<\/p>\n<p style=\"font-weight: 400;\">Per fer la primera llegiu les p\u00e0gines 159 i 161 del llibre. Despr\u00e9s pareu atenci\u00f3 a la informaci\u00f3 del video adjunt.<\/p>\n<p style=\"font-weight: 400;\"><a href=\"https:\/\/es.liveworksheets.com\/vi575974gc\" data-saferedirecturl=\"https:\/\/www.google.com\/url?q=https:\/\/es.liveworksheets.com\/vi575974gc&amp;source=gmail&amp;ust=1589964594461000&amp;usg=AFQjCNEpBTs7WQeizZQgfuOpokZ96gdOdA\">https:\/\/es.liveworksheets.com\/vi575974gc<\/a><\/p>\n<p style=\"font-weight: 400;\">Per la segona no necessiteu el llibre. Llegiu atentament la informaci\u00f3 dels requadres i despr\u00e9s feu les activitats.<\/p>\n<p style=\"font-weight: 400;\"><a href=\"https:\/\/es.liveworksheets.com\/ss403972ax\" data-saferedirecturl=\"https:\/\/www.google.com\/url?q=https:\/\/es.liveworksheets.com\/ss403972ax&amp;source=gmail&amp;ust=1589964594461000&amp;usg=AFQjCNEF7Ct0WrnSo_CXamo6W4775OMxUw\">https:\/\/es.liveworksheets.com\/ss403972ax<\/a><\/p>\n<p>&nbsp;<\/p>\n<p style=\"font-weight: 400;\">Disfruteu del dia, i si teniu algun dubte contacteu amb mi.<\/p>\n<p style=\"font-weight: 400;\">Una abra\u00e7ada,<\/p>\n","protected":false},"excerpt":{"rendered":"<p>Bon dia nois i noies,<br \/>\nAqu\u00ed teniu les feines de medi natural.<br \/>\nPer fer la primera llegiu les p\u00e0gines 159 i 161 del llibre. Despr\u00e9s pareu atenci\u00f3 a la informaci\u00f3 del video adjunt.<br \/>\n<a href=\"https:\/\/es.liveworksheets.com\/vi575974gc\" data-saferedirecturl=\"https:\/\/www.google.com\/url?q=https:\/\/es.liveworksheets.com\/vi575974gc&amp;source=gmail&amp;ust=1589964594461000&amp;usg=AFQjCNEpBTs7WQeizZQgfuOpokZ96gdOdA\">https:\/\/es.liveworksheets.com\/vi575974gc<\/a><br \/>\nPer la segona no necessiteu el llibre. Llegiu atentament la informaci\u00f3 dels requadres&hellip;  <a href=\"https:\/\/agora.xtec.cat\/ceip-joan-coret\/primaria\/5e\/medi-natural-5e-dia-19-de-maig\/\" title=\"Read Medi Natural 5\u00e8 dia 19 de Maig\">Llegeix m\u00e9s\u00bb<\/a><\/p>\n","protected":false},"author":3,"featured_media":0,"comment_status":"open","ping_status":"closed","sticky":false,"template":"","format":"standard","meta":{"_bbp_topic_count":0,"_bbp_reply_count":0,"_bbp_total_topic_count":0,"_bbp_total_reply_count":0,"_bbp_voice_count":0,"_bbp_anonymous_reply_count":0,"_bbp_topic_count_hidden":0,"_bbp_reply_count_hidden":0,"_bbp_forum_subforum_count":0,"footnotes":""},"categories":[14],"tags":[165],"class_list":["post-3871","post","type-post","status-publish","format-standard","hentry","category-5e","tag-medi-natural"],"post_mailing_queue_ids":[],"_links":{"self":[{"href":"https:\/\/agora.xtec.cat\/ceip-joan-coret\/wp-json\/wp\/v2\/posts\/3871","targetHints":{"allow":["GET"]}}],"collection":[{"href":"https:\/\/agora.xtec.cat\/ceip-joan-coret\/wp-json\/wp\/v2\/posts"}],"about":[{"href":"https:\/\/agora.xtec.cat\/ceip-joan-coret\/wp-json\/wp\/v2\/types\/post"}],"author":[{"embeddable":true,"href":"https:\/\/agora.xtec.cat\/ceip-joan-coret\/wp-json\/wp\/v2\/users\/3"}],"replies":[{"embeddable":true,"href":"https:\/\/agora.xtec.cat\/ceip-joan-coret\/wp-json\/wp\/v2\/comments?post=3871"}],"version-history":[{"count":3,"href":"https:\/\/agora.xtec.cat\/ceip-joan-coret\/wp-json\/wp\/v2\/posts\/3871\/revisions"}],"predecessor-version":[{"id":3881,"href":"https:\/\/agora.xtec.cat\/ceip-joan-coret\/wp-json\/wp\/v2\/posts\/3871\/revisions\/3881"}],"wp:attachment":[{"href":"https:\/\/agora.xtec.cat\/ceip-joan-coret\/wp-json\/wp\/v2\/media?parent=3871"}],"wp:term":[{"taxonomy":"category","embeddable":true,"href":"https:\/\/agora.xtec.cat\/ceip-joan-coret\/wp-json\/wp\/v2\/categories?post=3871"},{"taxonomy":"post_tag","embeddable":true,"href":"https:\/\/agora.xtec.cat\/ceip-joan-coret\/wp-json\/wp\/v2\/tags?post=3871"}],"curies":[{"name":"wp","href":"https:\/\/api.w.org\/{rel}","templated":true}]}}