{"id":3866,"date":"2020-05-19T10:49:12","date_gmt":"2020-05-19T08:49:12","guid":{"rendered":"http:\/\/agora.xtec.cat\/ceip-joan-coret\/?p=3866"},"modified":"2020-05-19T10:53:37","modified_gmt":"2020-05-19T08:53:37","slug":"medi-natural-dia-19-de-maig","status":"publish","type":"post","link":"https:\/\/agora.xtec.cat\/ceip-joan-coret\/primaria\/5e\/medi-natural-dia-19-de-maig\/","title":{"rendered":"Medi Social dia 19 de Maig"},"content":{"rendered":"<p style=\"font-weight: 400;\">Hola a tots i totes. Amb aquest mail uns envio les feines de medi social per fer al llarg d&#8217;aquesta setmana. Les de medi natural les teniu a un altre mail.<\/p>\n<p style=\"font-weight: 400;\"><strong><u>Heu de fer dues feines<\/u>:<\/strong><\/p>\n<p style=\"font-weight: 400;\"><u><strong>1)\u00a0 La primera<\/strong>:<\/u><\/p>\n<p style=\"font-weight: 400;\">Respondre un Kahoot amb preguntes de l&#8217;Edat Antiga i d&#8217;Egipte. Hi ha un v\u00eddeo explicant com ho heu de fer, \u00e9s molt f\u00e0cil. Ho podeu fer des del m\u00f2bil, la tablet o l&#8217;ordinador.<\/p>\n<p style=\"font-weight: 400;\"><strong>Aqu\u00ed teniu ll&#8217;enlla\u00e7 al v\u00eddeo d&#8217;explicaci\u00f3.<\/strong><\/p>\n<p><a href=\"https:\/\/drive.google.com\/file\/d\/1t5lWWTj7Ve3ELIuiguExe4fQfyF8QZc3\/view?usp=drive_web\" data-saferedirecturl=\"https:\/\/www.google.com\/url?q=https:\/\/drive.google.com\/file\/d\/1t5lWWTj7Ve3ELIuiguExe4fQfyF8QZc3\/view?usp%3Ddrive_web&amp;source=gmail&amp;ust=1589963950132000&amp;usg=AFQjCNHFaYkIiGfucRKEluxtz8nDR_vqhQ\">\u00a0Safata d&#8217;entrada (10) &#8211; 5ajoancoret@gmail.com -&#8230;<\/a><\/p>\n<p style=\"text-align: center;\"><iframe loading=\"lazy\" src=\"\/\/www.youtube.com\/embed\/cxdm7lPImiA\" width=\"300\" height=\"168\"><\/iframe><\/p>\n<p style=\"font-weight: 400;\"><strong>Aquest \u00e9s l&#8217;enlla\u00e7 del kahoot<\/strong><\/p>\n<p style=\"font-weight: 400;\"><a href=\"https:\/\/kahoot.it\/challenge\/07034232?challenge-id=329718d4-e8b2-40f0-9d65-a70dd5c5d88e_1589820132002\" data-saferedirecturl=\"https:\/\/www.google.com\/url?q=https:\/\/kahoot.it\/challenge\/07034232?challenge-id%3D329718d4-e8b2-40f0-9d65-a70dd5c5d88e_1589820132002&amp;source=gmail&amp;ust=1589963950132000&amp;usg=AFQjCNEzEQaPN9lvAeJWAyn4hzx4dFD7sg\">https:\/\/kahoot.it\/challenge\/07034232?challenge-id=329718d4-e8b2-40f0-9d65-a70dd5c5d88e_1589820132002<\/a>`<\/p>\n<p style=\"font-weight: 400;\"><u><strong>2) La segona<\/strong><\/u>:<\/p>\n<p style=\"font-weight: 400;\">Veure dos v\u00eddeos sobre Gr\u00e8cia i com la setmana passada fer preguntes i contestar-les. En total heu de fer 5 preguntes\u00a0<strong>( dels dos v\u00eddeos no 5 de cada \ud83d\ude42<\/strong><\/p>\n<p style=\"font-weight: 400;\"><strong>Si les podeu fer amb l&#8217;ordinador molt millor, obriu un document de text i all\u00e0 les feu, i despr\u00e9s penjat a la carpeta.<\/strong><\/p>\n<p style=\"font-weight: 400;\">Aquests s\u00f3n els v\u00eddeos:<\/p>\n<p style=\"font-weight: 400;\"><a href=\"https:\/\/youtu.be\/AtxY5h4Osmc\" data-saferedirecturl=\"https:\/\/www.google.com\/url?q=https:\/\/youtu.be\/AtxY5h4Osmc&amp;source=gmail&amp;ust=1589963950132000&amp;usg=AFQjCNH3GwCbTV7DYDL4ij6d5Ylceul6sA\">https:\/\/youtu.be\/AtxY5h4Osmc<\/a><\/p>\n<p style=\"font-weight: 400;\"><a href=\"https:\/\/youtu.be\/MVIl0_qvB34\" data-saferedirecturl=\"https:\/\/www.google.com\/url?q=https:\/\/youtu.be\/MVIl0_qvB34&amp;source=gmail&amp;ust=1589963950132000&amp;usg=AFQjCNFD_SK4vrbk5-oHh1oXM6g8pOWFZw\">https:\/\/youtu.be\/MVIl0_qvB34<\/a><\/p>\n<p style=\"font-weight: 400;\">Vinga endavant amb la feina.<\/p>\n<p style=\"font-weight: 400;\">Una abra\u00e7ada.<\/p>\n<p style=\"font-weight: 400;\">Pilar<\/p>\n","protected":false},"excerpt":{"rendered":"<p>Hola a tots i totes. Amb aquest mail uns envio les feines de medi social per fer al llarg d&#8217;aquesta setmana. Les de medi natural les teniu a un altre mail.<br \/>\nHeu de fer dues feines:<br \/>\n1)\u00a0 La primera:<br \/>\nRespondre un Kahoot amb preguntes de l&#8217;Edat Antiga i&hellip;  <a href=\"https:\/\/agora.xtec.cat\/ceip-joan-coret\/primaria\/5e\/medi-natural-dia-19-de-maig\/\" title=\"Read Medi Social dia 19 de Maig\">Llegeix m\u00e9s\u00bb<\/a><\/p>\n","protected":false},"author":3,"featured_media":3868,"comment_status":"open","ping_status":"closed","sticky":false,"template":"","format":"standard","meta":{"_bbp_topic_count":0,"_bbp_reply_count":0,"_bbp_total_topic_count":0,"_bbp_total_reply_count":0,"_bbp_voice_count":0,"_bbp_anonymous_reply_count":0,"_bbp_topic_count_hidden":0,"_bbp_reply_count_hidden":0,"_bbp_forum_subforum_count":0,"footnotes":""},"categories":[14],"tags":[],"class_list":["post-3866","post","type-post","status-publish","format-standard","has-post-thumbnail","hentry","category-5e"],"post_mailing_queue_ids":[],"_links":{"self":[{"href":"https:\/\/agora.xtec.cat\/ceip-joan-coret\/wp-json\/wp\/v2\/posts\/3866","targetHints":{"allow":["GET"]}}],"collection":[{"href":"https:\/\/agora.xtec.cat\/ceip-joan-coret\/wp-json\/wp\/v2\/posts"}],"about":[{"href":"https:\/\/agora.xtec.cat\/ceip-joan-coret\/wp-json\/wp\/v2\/types\/post"}],"author":[{"embeddable":true,"href":"https:\/\/agora.xtec.cat\/ceip-joan-coret\/wp-json\/wp\/v2\/users\/3"}],"replies":[{"embeddable":true,"href":"https:\/\/agora.xtec.cat\/ceip-joan-coret\/wp-json\/wp\/v2\/comments?post=3866"}],"version-history":[{"count":3,"href":"https:\/\/agora.xtec.cat\/ceip-joan-coret\/wp-json\/wp\/v2\/posts\/3866\/revisions"}],"predecessor-version":[{"id":3870,"href":"https:\/\/agora.xtec.cat\/ceip-joan-coret\/wp-json\/wp\/v2\/posts\/3866\/revisions\/3870"}],"wp:featuredmedia":[{"embeddable":true,"href":"https:\/\/agora.xtec.cat\/ceip-joan-coret\/wp-json\/wp\/v2\/media\/3868"}],"wp:attachment":[{"href":"https:\/\/agora.xtec.cat\/ceip-joan-coret\/wp-json\/wp\/v2\/media?parent=3866"}],"wp:term":[{"taxonomy":"category","embeddable":true,"href":"https:\/\/agora.xtec.cat\/ceip-joan-coret\/wp-json\/wp\/v2\/categories?post=3866"},{"taxonomy":"post_tag","embeddable":true,"href":"https:\/\/agora.xtec.cat\/ceip-joan-coret\/wp-json\/wp\/v2\/tags?post=3866"}],"curies":[{"name":"wp","href":"https:\/\/api.w.org\/{rel}","templated":true}]}}