{"id":3859,"date":"2020-05-19T00:22:08","date_gmt":"2020-05-18T22:22:08","guid":{"rendered":"http:\/\/agora.xtec.cat\/ceip-joan-coret\/?p=3859"},"modified":"2020-05-19T00:26:43","modified_gmt":"2020-05-18T22:26:43","slug":"activitats-dia-19-fins-el-dia-26","status":"publish","type":"post","link":"https:\/\/agora.xtec.cat\/ceip-joan-coret\/general\/activitats-dia-19-fins-el-dia-26\/","title":{"rendered":"ACTIVITATS DIA 19 FINS EL DIA 26"},"content":{"rendered":"<p>Bon dia a tothom. Aquestes s\u00f3n les activitats del dia 19 fins el dia 26:<\/p>\n<p>-Lectura\u00a0<strong><i>Una m\u00e0 de contes<\/i><\/strong>: Planeta verd<\/p>\n<div><a href=\"https:\/\/www.ccma.cat\/tv3\/alacarta\/una-ma-de-contes\/planeta-verd\/video\/5818543\/\" target=\"_blank\" rel=\"noopener noreferrer\" data-saferedirecturl=\"https:\/\/www.google.com\/url?q=https:\/\/www.ccma.cat\/tv3\/alacarta\/una-ma-de-contes\/planeta-verd\/video\/5818543\/&amp;source=gmail&amp;ust=1589926730793000&amp;usg=AFQjCNFYjfcxG4KTh866g0KQQBaxtz8_Eg\">https:\/\/www.ccma.cat\/tv3\/alacarta\/una-ma-de-contes\/planeta-verd\/video\/5818543\/<\/a><\/div>\n<div><\/div>\n<div>-Matem\u00e0tiques: enlla\u00e7 a una p\u00e0gina web per repassar geometria.<\/div>\n<div><\/div>\n<div><a href=\"https:\/\/agora.xtec.cat\/ceip-joan-coret\/wp-content\/uploads\/usu1194\/2020\/05\/TASCA-5-REP\u00c0S-GEOMETRIA.docx\">TASCA 5 REP\u00c0S GEOMETRIA<\/a><\/div>\n<div><\/div>\n<div>Salutacions.<\/div>\n<div>Guillem<\/div>\n","protected":false},"excerpt":{"rendered":"<p>Bon dia a tothom. Aquestes s\u00f3n les activitats del dia 19 fins el dia 26:<br \/>\n-Lectura\u00a0Una m\u00e0 de contes: Planeta verd<br \/>\n<a href=\"https:\/\/www.ccma.cat\/tv3\/alacarta\/una-ma-de-contes\/planeta-verd\/video\/5818543\/\" target=\"_blank\" rel=\"noopener noreferrer\" data-saferedirecturl=\"https:\/\/www.google.com\/url?q=https:\/\/www.ccma.cat\/tv3\/alacarta\/una-ma-de-contes\/planeta-verd\/video\/5818543\/&amp;source=gmail&amp;ust=1589926730793000&amp;usg=AFQjCNFYjfcxG4KTh866g0KQQBaxtz8_Eg\">https:\/\/www.ccma.cat\/tv3\/alacarta\/una-ma-de-contes\/planeta-verd\/video\/5818543\/<\/a><\/p>\n<p>-Matem\u00e0tiques: enlla\u00e7 a una p\u00e0gina web per repassar geometria.<\/p>\n<p><a href=\"https:\/\/agora.xtec.cat\/ceip-joan-coret\/wp-content\/uploads\/usu1194\/2020\/05\/TASCA-5-REP\u00c0S-GEOMETRIA.docx\">TASCA 5 REP\u00c0S GEOMETRIA<\/a><\/p>\n<p>Salutacions.<br \/>\nGuillem<\/p>\n","protected":false},"author":2,"featured_media":0,"comment_status":"open","ping_status":"closed","sticky":false,"template":"","format":"standard","meta":{"_bbp_topic_count":0,"_bbp_reply_count":0,"_bbp_total_topic_count":0,"_bbp_total_reply_count":0,"_bbp_voice_count":0,"_bbp_anonymous_reply_count":0,"_bbp_topic_count_hidden":0,"_bbp_reply_count_hidden":0,"_bbp_forum_subforum_count":0,"footnotes":""},"categories":[12,1,5],"tags":[],"class_list":["post-3859","post","type-post","status-publish","format-standard","hentry","category-3r","category-general","category-primaria"],"post_mailing_queue_ids":[],"_links":{"self":[{"href":"https:\/\/agora.xtec.cat\/ceip-joan-coret\/wp-json\/wp\/v2\/posts\/3859","targetHints":{"allow":["GET"]}}],"collection":[{"href":"https:\/\/agora.xtec.cat\/ceip-joan-coret\/wp-json\/wp\/v2\/posts"}],"about":[{"href":"https:\/\/agora.xtec.cat\/ceip-joan-coret\/wp-json\/wp\/v2\/types\/post"}],"author":[{"embeddable":true,"href":"https:\/\/agora.xtec.cat\/ceip-joan-coret\/wp-json\/wp\/v2\/users\/2"}],"replies":[{"embeddable":true,"href":"https:\/\/agora.xtec.cat\/ceip-joan-coret\/wp-json\/wp\/v2\/comments?post=3859"}],"version-history":[{"count":2,"href":"https:\/\/agora.xtec.cat\/ceip-joan-coret\/wp-json\/wp\/v2\/posts\/3859\/revisions"}],"predecessor-version":[{"id":3862,"href":"https:\/\/agora.xtec.cat\/ceip-joan-coret\/wp-json\/wp\/v2\/posts\/3859\/revisions\/3862"}],"wp:attachment":[{"href":"https:\/\/agora.xtec.cat\/ceip-joan-coret\/wp-json\/wp\/v2\/media?parent=3859"}],"wp:term":[{"taxonomy":"category","embeddable":true,"href":"https:\/\/agora.xtec.cat\/ceip-joan-coret\/wp-json\/wp\/v2\/categories?post=3859"},{"taxonomy":"post_tag","embeddable":true,"href":"https:\/\/agora.xtec.cat\/ceip-joan-coret\/wp-json\/wp\/v2\/tags?post=3859"}],"curies":[{"name":"wp","href":"https:\/\/api.w.org\/{rel}","templated":true}]}}