{"id":3851,"date":"2020-05-18T10:18:40","date_gmt":"2020-05-18T08:18:40","guid":{"rendered":"http:\/\/agora.xtec.cat\/ceip-joan-coret\/?p=3851"},"modified":"2020-05-18T10:18:40","modified_gmt":"2020-05-18T08:18:40","slug":"matematiques-dia-18-de-maig-2","status":"publish","type":"post","link":"https:\/\/agora.xtec.cat\/ceip-joan-coret\/primaria\/6e\/matematiques-dia-18-de-maig-2\/","title":{"rendered":"Matem\u00e0tiques dia 18 de Maig"},"content":{"rendered":"<p><strong>Bona setmana sis\u00e8!<\/strong><\/p>\n<p><strong>Avui treballarem la resoluci\u00f3 de problemes a les activitats proposades a l\u00b4\u00e0rea de matem\u00e0tiques.<\/strong><\/p>\n<p><strong>Us recordem que s&#8217;han de posar les operacions per tal de veure el proc\u00e9s de com\u00a0 arribeu al\u00a0 resultat del problema.<\/strong><\/p>\n<p><a href=\"https:\/\/agora.xtec.cat\/ceip-joan-coret\/wp-content\/uploads\/usu1194\/2020\/05\/MATEM\u00c0TIQUES-18-DE-MAIG.docx\">MATEM\u00c0TIQUES 18 DE MAIG<\/a><\/p>\n<p><strong>A m\u00e9s teniu una activitat interactiva del seg\u00fcent enlla\u00e7:<\/strong><\/p>\n<p><strong><u><a href=\"https:\/\/www.liveworksheets.com\/sg154010xs\" data-saferedirecturl=\"https:\/\/www.google.com\/url?q=https:\/\/www.liveworksheets.com\/sg154010xs&amp;source=gmail&amp;ust=1589876139197000&amp;usg=AFQjCNGGr7dtqgUk9K1rUkDG7yeF0AyFMw\">https:\/\/www.liveworksheets.com\/sg154010xs<\/a><\/u><\/strong><\/p>\n<p><strong>\u00a0<\/strong><\/p>\n<p><strong>Quan estiguin acabades, ja sabeu que ens les heu de fer arribar tot completant les vostres dades,\u00a0MATEM\u00c0TIQUES\u00a0en aquest cas, i el nostre correu:\u00a0\u00a0\u00a0\u00a0\u00a0\u00a0\u00a0\u00a0\u00a0\u00a0\u00a0\u00a0\u00a0\u00a0\u00a0\u00a0\u00a0\u00a0\u00a0\u00a0<\/strong><\/p>\n<table width=\"0\">\n<tbody>\n<tr>\n<td width=\"174\"><strong>6\u00e8A\u00a0\u00a0\u00a0\u00a0<\/strong><\/td>\n<td width=\"176\"><strong>Olga Vera<\/strong><\/td>\n<td width=\"216\"><strong><a href=\"mailto:olgaveraespinosa@gmail.com\">olgaveraespinosa@gmail.com<\/a><\/strong><\/td>\n<\/tr>\n<tr>\n<td width=\"174\"><strong>6\u00e8B\u00a0\u00a0\u00a0\u00a0\u00a0<\/strong><\/td>\n<td width=\"176\"><strong>S\u00f2nia Escobar\u00a0\u00a0\u00a0\u00a0\u00a0\u00a0\u00a0\u00a0\u00a0\u00a0\u00a0<\/strong><\/td>\n<td width=\"216\"><strong><a href=\"mailto:Sescoba2@xtec.cat\">Sescoba2@xtec.cat<\/a><\/strong><\/td>\n<\/tr>\n<\/tbody>\n<\/table>\n","protected":false},"excerpt":{"rendered":"<p>Bona setmana sis\u00e8!<br \/>\nAvui treballarem la resoluci\u00f3 de problemes a les activitats proposades a l\u00b4\u00e0rea de matem\u00e0tiques.<br \/>\nUs recordem que s&#8217;han de posar les operacions per tal de veure el proc\u00e9s de com\u00a0 arribeu al\u00a0 resultat del problema.<br \/>\n<a href=\"https:\/\/agora.xtec.cat\/ceip-joan-coret\/wp-content\/uploads\/usu1194\/2020\/05\/MATEM\u00c0TIQUES-18-DE-MAIG.docx\">MATEM\u00c0TIQUES 18 DE MAIG<\/a><br \/>\nA m\u00e9s teniu una activitat interactiva&hellip;  <a href=\"https:\/\/agora.xtec.cat\/ceip-joan-coret\/primaria\/6e\/matematiques-dia-18-de-maig-2\/\" title=\"Read Matem\u00e0tiques dia 18 de Maig\">Llegeix m\u00e9s\u00bb<\/a><\/p>\n","protected":false},"author":3,"featured_media":0,"comment_status":"open","ping_status":"closed","sticky":false,"template":"","format":"standard","meta":{"_bbp_topic_count":0,"_bbp_reply_count":0,"_bbp_total_topic_count":0,"_bbp_total_reply_count":0,"_bbp_voice_count":0,"_bbp_anonymous_reply_count":0,"_bbp_topic_count_hidden":0,"_bbp_reply_count_hidden":0,"_bbp_forum_subforum_count":0,"footnotes":""},"categories":[15],"tags":[65,247],"class_list":["post-3851","post","type-post","status-publish","format-standard","hentry","category-6e","tag-6e","tag-matematiques"],"post_mailing_queue_ids":[],"_links":{"self":[{"href":"https:\/\/agora.xtec.cat\/ceip-joan-coret\/wp-json\/wp\/v2\/posts\/3851","targetHints":{"allow":["GET"]}}],"collection":[{"href":"https:\/\/agora.xtec.cat\/ceip-joan-coret\/wp-json\/wp\/v2\/posts"}],"about":[{"href":"https:\/\/agora.xtec.cat\/ceip-joan-coret\/wp-json\/wp\/v2\/types\/post"}],"author":[{"embeddable":true,"href":"https:\/\/agora.xtec.cat\/ceip-joan-coret\/wp-json\/wp\/v2\/users\/3"}],"replies":[{"embeddable":true,"href":"https:\/\/agora.xtec.cat\/ceip-joan-coret\/wp-json\/wp\/v2\/comments?post=3851"}],"version-history":[{"count":1,"href":"https:\/\/agora.xtec.cat\/ceip-joan-coret\/wp-json\/wp\/v2\/posts\/3851\/revisions"}],"predecessor-version":[{"id":3853,"href":"https:\/\/agora.xtec.cat\/ceip-joan-coret\/wp-json\/wp\/v2\/posts\/3851\/revisions\/3853"}],"wp:attachment":[{"href":"https:\/\/agora.xtec.cat\/ceip-joan-coret\/wp-json\/wp\/v2\/media?parent=3851"}],"wp:term":[{"taxonomy":"category","embeddable":true,"href":"https:\/\/agora.xtec.cat\/ceip-joan-coret\/wp-json\/wp\/v2\/categories?post=3851"},{"taxonomy":"post_tag","embeddable":true,"href":"https:\/\/agora.xtec.cat\/ceip-joan-coret\/wp-json\/wp\/v2\/tags?post=3851"}],"curies":[{"name":"wp","href":"https:\/\/api.w.org\/{rel}","templated":true}]}}