{"id":3848,"date":"2020-05-18T10:09:13","date_gmt":"2020-05-18T08:09:13","guid":{"rendered":"http:\/\/agora.xtec.cat\/ceip-joan-coret\/?p=3848"},"modified":"2020-05-18T10:09:13","modified_gmt":"2020-05-18T08:09:13","slug":"matematiques-dia-18-de-maig","status":"publish","type":"post","link":"https:\/\/agora.xtec.cat\/ceip-joan-coret\/primaria\/5e\/matematiques-dia-18-de-maig\/","title":{"rendered":"Matem\u00e0tiques dia 18 de Maig"},"content":{"rendered":"<p><span style=\"font-weight: 400;\">Bon dia nois i noies.<\/span><\/p>\n<p style=\"font-weight: 400;\">Comencem una altra setmana, i ho fem amb matem\u00e0tiques.<\/p>\n<p style=\"font-weight: 400;\">Aquesta setmana haureu de fer dues feines:<\/p>\n<p style=\"font-weight: 400;\">1)\u00a0 Aquesta fitxa:<\/p>\n<p><a href=\"https:\/\/es.liveworksheets.com\/md555254ul\" data-saferedirecturl=\"https:\/\/www.google.com\/url?q=https:\/\/es.liveworksheets.com\/md555254ul&amp;source=gmail&amp;ust=1589875571357000&amp;usg=AFQjCNF9Z1PoVIqTz0xJhau2qnmQny4cXg\">https:\/\/es.liveworksheets.com\/md555254ul<\/a><\/p>\n<p>Enviar-la al correu:\u00a0<a href=\"mailto:pgarrid3@xtec.cat\">pgarrid3@xtec.cat<\/a><\/p>\n<p>Si alg\u00fa\u00a0no la pot fer amb ordinador o tablet, la pot imprimir i omplir-la a m\u00e0.<\/p>\n<p>2) Per fer la segona feina, haureu d&#8217;imprimir uns models de figures geom\u00e8triques, que van en document adjunt. I veure el seg\u00fcent v\u00eddeo:<\/p>\n<p>Models figures geom\u00e8triques: <a href=\"https:\/\/agora.xtec.cat\/ceip-joan-coret\/wp-content\/uploads\/usu1194\/2020\/05\/Desenvolupament-de-figures-planes-a-cossos-geom\u00e8trics-cordills.pdf\">Desenvolupament de figures planes a cossos geom\u00e8trics cordills<\/a><\/p>\n<p><a href=\"https:\/\/www.instagram.com\/p\/B36kOsrC-Nq\/?igshid=1vcs7sftz7r5t\" data-saferedirecturl=\"https:\/\/www.google.com\/url?q=https:\/\/www.instagram.com\/p\/B36kOsrC-Nq\/?igshid%3D1vcs7sftz7r5t&amp;source=gmail&amp;ust=1589875571358000&amp;usg=AFQjCNFmnXO64PSIGjJt6WutDoaxKfwxhQ\">https:\/\/www.instagram.com\/p\/B36kOsrC-Nq\/?igshid=1vcs7sftz7r5t<\/a><\/p>\n<p>Es tracta que graveu un v\u00eddeo, i m&#8217;ensenyeu com us han quedat les figures quan els hi poseu els fils. A veure qu\u00e8 tal us surt aquesta feina.<\/p>\n<p>Vinga endavant amb la setmana.<\/p>\n<p>Una abra\u00e7ada.<\/p>\n<p>Pilar<\/p>\n","protected":false},"excerpt":{"rendered":"<p>Bon dia nois i noies.<br \/>\nComencem una altra setmana, i ho fem amb matem\u00e0tiques.<br \/>\nAquesta setmana haureu de fer dues feines:<br \/>\n1)\u00a0 Aquesta fitxa:<br \/>\n<a href=\"https:\/\/es.liveworksheets.com\/md555254ul\" data-saferedirecturl=\"https:\/\/www.google.com\/url?q=https:\/\/es.liveworksheets.com\/md555254ul&amp;source=gmail&amp;ust=1589875571357000&amp;usg=AFQjCNF9Z1PoVIqTz0xJhau2qnmQny4cXg\">https:\/\/es.liveworksheets.com\/md555254ul<\/a><br \/>\nEnviar-la al correu:\u00a0<a href=\"mailto:pgarrid3@xtec.cat\">pgarrid3@xtec.cat<\/a><br \/>\nSi alg\u00fa\u00a0no la pot fer amb ordinador o tablet, la pot imprimir i omplir-la a m\u00e0.<br \/>\n2) Per fer la segona&hellip;  <a href=\"https:\/\/agora.xtec.cat\/ceip-joan-coret\/primaria\/5e\/matematiques-dia-18-de-maig\/\" title=\"Read Matem\u00e0tiques dia 18 de Maig\">Llegeix m\u00e9s\u00bb<\/a><\/p>\n","protected":false},"author":3,"featured_media":0,"comment_status":"open","ping_status":"closed","sticky":false,"template":"","format":"standard","meta":{"_bbp_topic_count":0,"_bbp_reply_count":0,"_bbp_total_topic_count":0,"_bbp_total_reply_count":0,"_bbp_voice_count":0,"_bbp_anonymous_reply_count":0,"_bbp_topic_count_hidden":0,"_bbp_reply_count_hidden":0,"_bbp_forum_subforum_count":0,"footnotes":""},"categories":[14],"tags":[],"class_list":["post-3848","post","type-post","status-publish","format-standard","hentry","category-5e"],"post_mailing_queue_ids":[],"_links":{"self":[{"href":"https:\/\/agora.xtec.cat\/ceip-joan-coret\/wp-json\/wp\/v2\/posts\/3848","targetHints":{"allow":["GET"]}}],"collection":[{"href":"https:\/\/agora.xtec.cat\/ceip-joan-coret\/wp-json\/wp\/v2\/posts"}],"about":[{"href":"https:\/\/agora.xtec.cat\/ceip-joan-coret\/wp-json\/wp\/v2\/types\/post"}],"author":[{"embeddable":true,"href":"https:\/\/agora.xtec.cat\/ceip-joan-coret\/wp-json\/wp\/v2\/users\/3"}],"replies":[{"embeddable":true,"href":"https:\/\/agora.xtec.cat\/ceip-joan-coret\/wp-json\/wp\/v2\/comments?post=3848"}],"version-history":[{"count":1,"href":"https:\/\/agora.xtec.cat\/ceip-joan-coret\/wp-json\/wp\/v2\/posts\/3848\/revisions"}],"predecessor-version":[{"id":3850,"href":"https:\/\/agora.xtec.cat\/ceip-joan-coret\/wp-json\/wp\/v2\/posts\/3848\/revisions\/3850"}],"wp:attachment":[{"href":"https:\/\/agora.xtec.cat\/ceip-joan-coret\/wp-json\/wp\/v2\/media?parent=3848"}],"wp:term":[{"taxonomy":"category","embeddable":true,"href":"https:\/\/agora.xtec.cat\/ceip-joan-coret\/wp-json\/wp\/v2\/categories?post=3848"},{"taxonomy":"post_tag","embeddable":true,"href":"https:\/\/agora.xtec.cat\/ceip-joan-coret\/wp-json\/wp\/v2\/tags?post=3848"}],"curies":[{"name":"wp","href":"https:\/\/api.w.org\/{rel}","templated":true}]}}