{"id":3843,"date":"2020-05-18T00:00:17","date_gmt":"2020-05-17T22:00:17","guid":{"rendered":"http:\/\/agora.xtec.cat\/ceip-joan-coret\/?p=3843"},"modified":"2020-05-18T13:29:24","modified_gmt":"2020-05-18T11:29:24","slug":"activitats-dia-18-fins-el-dia-25","status":"publish","type":"post","link":"https:\/\/agora.xtec.cat\/ceip-joan-coret\/general\/activitats-dia-18-fins-el-dia-25\/","title":{"rendered":"ACTIVITATS DIA 18 FINS EL DIA 25"},"content":{"rendered":"<p>Bon inici de setmana fam\u00edlies!<\/p>\n<p>Aquestes s\u00f3n les activitats d&#8217;avui dia 18 fins el dia 25:<\/p>\n<div>-Lectura: Ast\u00e8rix (el pr\u00f2leg i les activitats s\u00f3n opcionals).<\/div>\n<div><\/div>\n<div><a href=\"https:\/\/www.asterix.com\/es\/descargate-gratis-la-revista-asterix\/\">https:\/\/www.asterix.com\/es\/descargate-gratis-la-revista-asterix\/<\/a><\/div>\n<div><\/div>\n<div>-Catal\u00e0: 2 fitxes.<\/div>\n<div><\/div>\n<div><a href=\"https:\/\/agora.xtec.cat\/ceip-joan-coret\/wp-content\/uploads\/usu1194\/2020\/05\/catala-tasca-4.docx\">catala tasca 4<\/a><\/div>\n<div><\/div>\n<div><a href=\"https:\/\/agora.xtec.cat\/ceip-joan-coret\/wp-content\/uploads\/usu1194\/2020\/05\/tasca-4-II-de-catal\u00e0.docx\">tasca 4 (II) de catal\u00e0<\/a><\/div>\n<div><\/div>\n<div>Salutacions.<\/div>\n<div>Guillem<\/div>\n","protected":false},"excerpt":{"rendered":"<p>Bon inici de setmana fam\u00edlies!<br \/>\nAquestes s\u00f3n les activitats d&#8217;avui dia 18 fins el dia 25:<br \/>\n-Lectura: Ast\u00e8rix (el pr\u00f2leg i les activitats s\u00f3n opcionals).<\/p>\n<p><a href=\"https:\/\/www.asterix.com\/es\/descargate-gratis-la-revista-asterix\/\">https:\/\/www.asterix.com\/es\/descargate-gratis-la-revista-asterix\/<\/a><\/p>\n<p>-Catal\u00e0: 2 fitxes.<\/p>\n<p><a href=\"https:\/\/agora.xtec.cat\/ceip-joan-coret\/wp-content\/uploads\/usu1194\/2020\/05\/catala-tasca-4.docx\">catala tasca 4<\/a><\/p>\n<p><a href=\"https:\/\/agora.xtec.cat\/ceip-joan-coret\/wp-content\/uploads\/usu1194\/2020\/05\/tasca-4-II-de-catal\u00e0.docx\">tasca 4 (II) de catal\u00e0<\/a><\/p>\n<p>Salutacions.<br \/>\nGuillem<\/p>\n","protected":false},"author":2,"featured_media":0,"comment_status":"open","ping_status":"closed","sticky":false,"template":"","format":"standard","meta":{"_bbp_topic_count":0,"_bbp_reply_count":0,"_bbp_total_topic_count":0,"_bbp_total_reply_count":0,"_bbp_voice_count":0,"_bbp_anonymous_reply_count":0,"_bbp_topic_count_hidden":0,"_bbp_reply_count_hidden":0,"_bbp_forum_subforum_count":0,"footnotes":""},"categories":[12,1],"tags":[],"class_list":["post-3843","post","type-post","status-publish","format-standard","hentry","category-3r","category-general"],"post_mailing_queue_ids":[],"_links":{"self":[{"href":"https:\/\/agora.xtec.cat\/ceip-joan-coret\/wp-json\/wp\/v2\/posts\/3843","targetHints":{"allow":["GET"]}}],"collection":[{"href":"https:\/\/agora.xtec.cat\/ceip-joan-coret\/wp-json\/wp\/v2\/posts"}],"about":[{"href":"https:\/\/agora.xtec.cat\/ceip-joan-coret\/wp-json\/wp\/v2\/types\/post"}],"author":[{"embeddable":true,"href":"https:\/\/agora.xtec.cat\/ceip-joan-coret\/wp-json\/wp\/v2\/users\/2"}],"replies":[{"embeddable":true,"href":"https:\/\/agora.xtec.cat\/ceip-joan-coret\/wp-json\/wp\/v2\/comments?post=3843"}],"version-history":[{"count":1,"href":"https:\/\/agora.xtec.cat\/ceip-joan-coret\/wp-json\/wp\/v2\/posts\/3843\/revisions"}],"predecessor-version":[{"id":3846,"href":"https:\/\/agora.xtec.cat\/ceip-joan-coret\/wp-json\/wp\/v2\/posts\/3843\/revisions\/3846"}],"wp:attachment":[{"href":"https:\/\/agora.xtec.cat\/ceip-joan-coret\/wp-json\/wp\/v2\/media?parent=3843"}],"wp:term":[{"taxonomy":"category","embeddable":true,"href":"https:\/\/agora.xtec.cat\/ceip-joan-coret\/wp-json\/wp\/v2\/categories?post=3843"},{"taxonomy":"post_tag","embeddable":true,"href":"https:\/\/agora.xtec.cat\/ceip-joan-coret\/wp-json\/wp\/v2\/tags?post=3843"}],"curies":[{"name":"wp","href":"https:\/\/api.w.org\/{rel}","templated":true}]}}