{"id":3831,"date":"2020-05-15T10:06:52","date_gmt":"2020-05-15T08:06:52","guid":{"rendered":"http:\/\/agora.xtec.cat\/ceip-joan-coret\/?p=3831"},"modified":"2020-05-15T10:06:52","modified_gmt":"2020-05-15T08:06:52","slug":"castellano-dia-15-de-mayo-2","status":"publish","type":"post","link":"https:\/\/agora.xtec.cat\/ceip-joan-coret\/primaria\/6e\/castellano-dia-15-de-mayo-2\/","title":{"rendered":"Castellano dia 15 de Mayo"},"content":{"rendered":"<p>Hola a tod@s!<\/p>\n<p>Aqu\u00ed os dejo las tareas de castellano para esta semana.<\/p>\n<p>-Una tarea sobre el Lexema y el Morfema.<\/p>\n<p>Doc:\u00a0<a href=\"https:\/\/agora.xtec.cat\/ceip-joan-coret\/wp-content\/uploads\/usu1194\/2020\/05\/Lexema-y-Morfema-.docx\">Lexema y Morfema<\/a><\/p>\n<p>Pdf: <a href=\"https:\/\/agora.xtec.cat\/ceip-joan-coret\/wp-content\/uploads\/usu1194\/2020\/05\/Lexema-y-Morfema-.pdf\">Lexema y Morfema<\/a><\/p>\n<p>-Un enlace a una comprensi\u00f3n lectora de competencias b\u00e1sicas.<\/p>\n<p><a style=\"color: #2795b6;\" href=\"https:\/\/es.liveworksheets.com\/c?a=s&amp;t=524z1upfxj&amp;m=d&amp;l=yc&amp;i=futscc&amp;r=yu\" target=\"_blank\" rel=\"noopener noreferrer\" data-saferedirecturl=\"https:\/\/www.google.com\/url?q=https:\/\/es.liveworksheets.com\/c?a%3Ds%26t%3D524z1upfxj%26m%3Dd%26l%3Dyc%26i%3Dfutscc%26r%3Dyu&amp;source=gmail&amp;ust=1589616149185000&amp;usg=AFQjCNGEpNk9rIQauk2GmaYd1eiafO_4hQ\">https:\/\/es.liveworksheets.com\/<wbr \/>c?a=s&amp;t=524z1upfxj&amp;m=d&amp;l=yc&amp;i=<wbr \/>futscc&amp;r=yu<\/a><\/p>\n<p>El enlace recordad que una vez terminado deb\u00e9is introducir vuestro nombre y clase cuando lo envi\u00e9is. No hay que poner ning\u00fan correo, directamente me llega al mio.<\/p>\n<p>Un abrazo,<\/p>\n<p>Fran<\/p>\n","protected":false},"excerpt":{"rendered":"<p>Hola a tod@s!<br \/>\nAqu\u00ed os dejo las tareas de castellano para esta semana.<br \/>\n-Una tarea sobre el Lexema y el Morfema.<br \/>\nDoc:\u00a0<a href=\"https:\/\/agora.xtec.cat\/ceip-joan-coret\/wp-content\/uploads\/usu1194\/2020\/05\/Lexema-y-Morfema-.docx\">Lexema y Morfema<\/a><br \/>\nPdf: <a href=\"https:\/\/agora.xtec.cat\/ceip-joan-coret\/wp-content\/uploads\/usu1194\/2020\/05\/Lexema-y-Morfema-.pdf\">Lexema y Morfema<\/a><br \/>\n-Un enlace a una comprensi\u00f3n lectora de competencias b\u00e1sicas.<br \/>\n<a style=\"color: #2795b6;\" href=\"https:\/\/es.liveworksheets.com\/c?a=s&amp;t=524z1upfxj&amp;m=d&amp;l=yc&amp;i=futscc&amp;r=yu\" target=\"_blank\" rel=\"noopener noreferrer\" data-saferedirecturl=\"https:\/\/www.google.com\/url?q=https:\/\/es.liveworksheets.com\/c?a%3Ds%26t%3D524z1upfxj%26m%3Dd%26l%3Dyc%26i%3Dfutscc%26r%3Dyu&amp;source=gmail&amp;ust=1589616149185000&amp;usg=AFQjCNGEpNk9rIQauk2GmaYd1eiafO_4hQ\">https:\/\/es.liveworksheets.com\/c?a=s&amp;t=524z1upfxj&amp;m=d&amp;l=yc&amp;i=futscc&amp;r=yu<\/a><br \/>\nEl enlace recordad que una&hellip;  <a href=\"https:\/\/agora.xtec.cat\/ceip-joan-coret\/primaria\/6e\/castellano-dia-15-de-mayo-2\/\" title=\"Read Castellano dia 15 de Mayo\">Llegeix m\u00e9s\u00bb<\/a><\/p>\n","protected":false},"author":3,"featured_media":0,"comment_status":"open","ping_status":"closed","sticky":false,"template":"","format":"standard","meta":{"_bbp_topic_count":0,"_bbp_reply_count":0,"_bbp_total_topic_count":0,"_bbp_total_reply_count":0,"_bbp_voice_count":0,"_bbp_anonymous_reply_count":0,"_bbp_topic_count_hidden":0,"_bbp_reply_count_hidden":0,"_bbp_forum_subforum_count":0,"footnotes":""},"categories":[15],"tags":[],"class_list":["post-3831","post","type-post","status-publish","format-standard","hentry","category-6e"],"post_mailing_queue_ids":[],"_links":{"self":[{"href":"https:\/\/agora.xtec.cat\/ceip-joan-coret\/wp-json\/wp\/v2\/posts\/3831","targetHints":{"allow":["GET"]}}],"collection":[{"href":"https:\/\/agora.xtec.cat\/ceip-joan-coret\/wp-json\/wp\/v2\/posts"}],"about":[{"href":"https:\/\/agora.xtec.cat\/ceip-joan-coret\/wp-json\/wp\/v2\/types\/post"}],"author":[{"embeddable":true,"href":"https:\/\/agora.xtec.cat\/ceip-joan-coret\/wp-json\/wp\/v2\/users\/3"}],"replies":[{"embeddable":true,"href":"https:\/\/agora.xtec.cat\/ceip-joan-coret\/wp-json\/wp\/v2\/comments?post=3831"}],"version-history":[{"count":1,"href":"https:\/\/agora.xtec.cat\/ceip-joan-coret\/wp-json\/wp\/v2\/posts\/3831\/revisions"}],"predecessor-version":[{"id":3834,"href":"https:\/\/agora.xtec.cat\/ceip-joan-coret\/wp-json\/wp\/v2\/posts\/3831\/revisions\/3834"}],"wp:attachment":[{"href":"https:\/\/agora.xtec.cat\/ceip-joan-coret\/wp-json\/wp\/v2\/media?parent=3831"}],"wp:term":[{"taxonomy":"category","embeddable":true,"href":"https:\/\/agora.xtec.cat\/ceip-joan-coret\/wp-json\/wp\/v2\/categories?post=3831"},{"taxonomy":"post_tag","embeddable":true,"href":"https:\/\/agora.xtec.cat\/ceip-joan-coret\/wp-json\/wp\/v2\/tags?post=3831"}],"curies":[{"name":"wp","href":"https:\/\/api.w.org\/{rel}","templated":true}]}}