{"id":3826,"date":"2020-05-15T10:01:35","date_gmt":"2020-05-15T08:01:35","guid":{"rendered":"http:\/\/agora.xtec.cat\/ceip-joan-coret\/?p=3826"},"modified":"2020-05-15T10:03:47","modified_gmt":"2020-05-15T08:03:47","slug":"castellano-dia-15-de-mayo","status":"publish","type":"post","link":"https:\/\/agora.xtec.cat\/ceip-joan-coret\/primaria\/5e\/castellano-dia-15-de-mayo\/","title":{"rendered":"Castellano dia 15 de Mayo"},"content":{"rendered":"<p>Hola a tod@s,<\/p>\n<p>Aqu\u00ed os dejo las tareas de castellano de esta semana.<\/p>\n<p>-Una tarea sobre la acentuaci\u00f3n de las palabras.<\/p>\n<p><a style=\"color: #2795b6;\" href=\"https:\/\/es.liveworksheets.com\/c?a=s&amp;t=524z1upfxj&amp;m=d&amp;l=yc&amp;i=futscc&amp;r=yu\" target=\"_blank\" rel=\"noopener noreferrer\" data-saferedirecturl=\"https:\/\/www.google.com\/url?q=https:\/\/es.liveworksheets.com\/c?a%3Ds%26t%3D524z1upfxj%26m%3Dd%26l%3Dyc%26i%3Dfutscc%26r%3Dyu&amp;source=gmail&amp;ust=1589615952346000&amp;usg=AFQjCNErE9Ss1kyvGmNlbhiVOneLnIJk6Q\">https:\/\/es.liveworksheets.com\/<wbr \/>c?a=s&amp;t=524z1upfxj&amp;m=d&amp;l=yc&amp;i=<wbr \/>futscc&amp;r=yu \u00a0<\/a><\/p>\n<p>-Un enlace a una actividad de comprensi\u00f3n lectora. En el enlace tendr\u00e9is 2 textos y unas preguntas tipo test que deb\u00e9is\u00a0responder.<\/p>\n<p><a href=\"https:\/\/agora.xtec.cat\/ceip-joan-coret\/wp-content\/uploads\/usu1194\/2020\/05\/Acentuaci\u00f3n-de-las-palabras-.docx\">Doc: Acentuaci\u00f3n de las palabras<\/a><\/p>\n<p>Pdf: <a href=\"https:\/\/agora.xtec.cat\/ceip-joan-coret\/wp-content\/uploads\/usu1194\/2020\/05\/Acentuaci\u00f3n-de-las-palabras-.pdf\">Acentuaci\u00f3n de las palabras<\/a><\/p>\n<p>Una vez terminado la actividad del enlace, al final del todo os sale una pegatina que pone \u00a1Terminado!. Al pulsar os pide que introduzc\u00e1is vuestro nombre y clase, para saber de qui\u00e9n es.<\/p>\n<p>Cualquier duda que teng\u00e1is me pregunt\u00e1is.<\/p>\n<p>Un abrazo,<\/p>\n<p>Fran<\/p>\n","protected":false},"excerpt":{"rendered":"<p>Hola a tod@s,<br \/>\nAqu\u00ed os dejo las tareas de castellano de esta semana.<br \/>\n-Una tarea sobre la acentuaci\u00f3n de las palabras.<br \/>\n<a style=\"color: #2795b6;\" href=\"https:\/\/es.liveworksheets.com\/c?a=s&amp;t=524z1upfxj&amp;m=d&amp;l=yc&amp;i=futscc&amp;r=yu\" target=\"_blank\" rel=\"noopener noreferrer\" data-saferedirecturl=\"https:\/\/www.google.com\/url?q=https:\/\/es.liveworksheets.com\/c?a%3Ds%26t%3D524z1upfxj%26m%3Dd%26l%3Dyc%26i%3Dfutscc%26r%3Dyu&amp;source=gmail&amp;ust=1589615952346000&amp;usg=AFQjCNErE9Ss1kyvGmNlbhiVOneLnIJk6Q\">https:\/\/es.liveworksheets.com\/c?a=s&amp;t=524z1upfxj&amp;m=d&amp;l=yc&amp;i=futscc&amp;r=yu \u00a0<\/a><br \/>\n-Un enlace a una actividad de comprensi\u00f3n lectora. En el enlace tendr\u00e9is 2 textos y unas preguntas tipo test&hellip;  <a href=\"https:\/\/agora.xtec.cat\/ceip-joan-coret\/primaria\/5e\/castellano-dia-15-de-mayo\/\" title=\"Read Castellano dia 15 de Mayo\">Llegeix m\u00e9s\u00bb<\/a><\/p>\n","protected":false},"author":3,"featured_media":0,"comment_status":"open","ping_status":"closed","sticky":false,"template":"","format":"standard","meta":{"_bbp_topic_count":0,"_bbp_reply_count":0,"_bbp_total_topic_count":0,"_bbp_total_reply_count":0,"_bbp_voice_count":0,"_bbp_anonymous_reply_count":0,"_bbp_topic_count_hidden":0,"_bbp_reply_count_hidden":0,"_bbp_forum_subforum_count":0,"footnotes":""},"categories":[14],"tags":[],"class_list":["post-3826","post","type-post","status-publish","format-standard","hentry","category-5e"],"post_mailing_queue_ids":[],"_links":{"self":[{"href":"https:\/\/agora.xtec.cat\/ceip-joan-coret\/wp-json\/wp\/v2\/posts\/3826","targetHints":{"allow":["GET"]}}],"collection":[{"href":"https:\/\/agora.xtec.cat\/ceip-joan-coret\/wp-json\/wp\/v2\/posts"}],"about":[{"href":"https:\/\/agora.xtec.cat\/ceip-joan-coret\/wp-json\/wp\/v2\/types\/post"}],"author":[{"embeddable":true,"href":"https:\/\/agora.xtec.cat\/ceip-joan-coret\/wp-json\/wp\/v2\/users\/3"}],"replies":[{"embeddable":true,"href":"https:\/\/agora.xtec.cat\/ceip-joan-coret\/wp-json\/wp\/v2\/comments?post=3826"}],"version-history":[{"count":2,"href":"https:\/\/agora.xtec.cat\/ceip-joan-coret\/wp-json\/wp\/v2\/posts\/3826\/revisions"}],"predecessor-version":[{"id":3830,"href":"https:\/\/agora.xtec.cat\/ceip-joan-coret\/wp-json\/wp\/v2\/posts\/3826\/revisions\/3830"}],"wp:attachment":[{"href":"https:\/\/agora.xtec.cat\/ceip-joan-coret\/wp-json\/wp\/v2\/media?parent=3826"}],"wp:term":[{"taxonomy":"category","embeddable":true,"href":"https:\/\/agora.xtec.cat\/ceip-joan-coret\/wp-json\/wp\/v2\/categories?post=3826"},{"taxonomy":"post_tag","embeddable":true,"href":"https:\/\/agora.xtec.cat\/ceip-joan-coret\/wp-json\/wp\/v2\/tags?post=3826"}],"curies":[{"name":"wp","href":"https:\/\/api.w.org\/{rel}","templated":true}]}}