{"id":3817,"date":"2020-05-14T10:24:41","date_gmt":"2020-05-14T08:24:41","guid":{"rendered":"http:\/\/agora.xtec.cat\/ceip-joan-coret\/?p=3817"},"modified":"2020-05-14T10:24:41","modified_gmt":"2020-05-14T08:24:41","slug":"catala-dia-14-de-maig-2","status":"publish","type":"post","link":"https:\/\/agora.xtec.cat\/ceip-joan-coret\/primaria\/6e\/catala-dia-14-de-maig-2\/","title":{"rendered":"Catal\u00e0 dia 14 de Maig"},"content":{"rendered":"<p style=\"font-weight: 400;\">Bon dia a tothom,<\/p>\n<p style=\"font-weight: 400;\">Avui continuem amb el treball de poesia. La setmana passada el vam iniciar tot definint qu\u00e8 \u00e9s la poesia i triant un poeta o poetessa catal\u00e0 i cercant diversos aspectes de la seva biografia. Doncs ara, la tasca n\u00famero 2 consisteix en remenar una mica en la seva obra (la de l\u2019autor treballat a la tasca 1), triar un poema, copiar-lo (per suposat sense faltes) i recitar-lo. Tot aix\u00f2 ve explicat a la fitxa que us adjuntem.<\/p>\n<p style=\"font-weight: 400; text-align: center;\">Si us plau, llegiu b\u00e9 les instruccions que es donen per tal de fer b\u00e9 la feina des d\u2019un bon inici.<\/p>\n<table class=\" aligncenter\" style=\"width: 244px;\">\n<tbody>\n<tr>\n<td style=\"width: 110px;\">PDF<\/td>\n<td style=\"width: 126px;\">Word<\/td>\n<\/tr>\n<tr>\n<td style=\"width: 110px;\"><a style=\"color: #2795b6; font-size: 16px;\" href=\"https:\/\/agora.xtec.cat\/ceip-joan-coret\/wp-content\/uploads\/usu1194\/2020\/05\/feina-14-maig.pdf\">feina 14 maig<\/a><\/td>\n<td style=\"width: 126px;\"><a href=\"https:\/\/agora.xtec.cat\/ceip-joan-coret\/wp-content\/uploads\/usu1194\/2020\/05\/feina-14-maig.docx\">feina 14 maig<\/a><\/td>\n<\/tr>\n<\/tbody>\n<\/table>\n<p style=\"font-weight: 400;\">Aquells\/es que encara no heu fet la tasca 1 (o no la heu penjat) \u00e9s el moment, ja que sense ella no podeu passar a fer aquesta segona.<\/p>\n<p style=\"font-weight: 400;\">A part d\u2019aix\u00f2, per seguir repassant l\u2019ortografia treballada, heu de clicar el seg\u00fcent enlla\u00e7 i realitzar les dues activitats interactives que hi apareixen. ( Recordeu clicar terminado, completar les vostres dades, escriure CATAL\u00c0\u00a0 i afegir el nostre mail: 6\u00e8A:\u00a0<a href=\"mailto:olgaveraespinosa@gmail.com\">olgaveraespinosa@gmail.com<\/a>\u00a0i 6\u00e8 B:\u00a0<a href=\"mailto:sescoba2@xtec.cat\">sescoba2@xtec.cat<\/a>).<\/p>\n<p style=\"font-weight: 400;\"><a href=\"https:\/\/es.liveworksheets.com\/vg216993vb\" data-saferedirecturl=\"https:\/\/www.google.com\/url?q=https:\/\/es.liveworksheets.com\/vg216993vb&amp;source=gmail&amp;ust=1589530880953000&amp;usg=AFQjCNHJFN1Spzmgk8QSzBTHO-bjWaoXrQ\">https:\/\/es.liveworksheets.com\/vg216993vb<\/a><\/p>\n<p style=\"font-weight: 400;\">\n<p style=\"font-weight: 400;\">Bona feina!<\/p>\n","protected":false},"excerpt":{"rendered":"<p>Bon dia a tothom,<br \/>\nAvui continuem amb el treball de poesia. La setmana passada el vam iniciar tot definint qu\u00e8 \u00e9s la poesia i triant un poeta o poetessa catal\u00e0 i cercant diversos aspectes de la seva biografia. Doncs ara, la tasca n\u00famero 2 consisteix en&hellip;  <a href=\"https:\/\/agora.xtec.cat\/ceip-joan-coret\/primaria\/6e\/catala-dia-14-de-maig-2\/\" title=\"Read Catal\u00e0 dia 14 de Maig\">Llegeix m\u00e9s\u00bb<\/a><\/p>\n","protected":false},"author":3,"featured_media":0,"comment_status":"open","ping_status":"closed","sticky":false,"template":"","format":"standard","meta":{"_bbp_topic_count":0,"_bbp_reply_count":0,"_bbp_total_topic_count":0,"_bbp_total_reply_count":0,"_bbp_voice_count":0,"_bbp_anonymous_reply_count":0,"_bbp_topic_count_hidden":0,"_bbp_reply_count_hidden":0,"_bbp_forum_subforum_count":0,"footnotes":""},"categories":[15],"tags":[65,350],"class_list":["post-3817","post","type-post","status-publish","format-standard","hentry","category-6e","tag-6e","tag-catala"],"post_mailing_queue_ids":[],"_links":{"self":[{"href":"https:\/\/agora.xtec.cat\/ceip-joan-coret\/wp-json\/wp\/v2\/posts\/3817","targetHints":{"allow":["GET"]}}],"collection":[{"href":"https:\/\/agora.xtec.cat\/ceip-joan-coret\/wp-json\/wp\/v2\/posts"}],"about":[{"href":"https:\/\/agora.xtec.cat\/ceip-joan-coret\/wp-json\/wp\/v2\/types\/post"}],"author":[{"embeddable":true,"href":"https:\/\/agora.xtec.cat\/ceip-joan-coret\/wp-json\/wp\/v2\/users\/3"}],"replies":[{"embeddable":true,"href":"https:\/\/agora.xtec.cat\/ceip-joan-coret\/wp-json\/wp\/v2\/comments?post=3817"}],"version-history":[{"count":1,"href":"https:\/\/agora.xtec.cat\/ceip-joan-coret\/wp-json\/wp\/v2\/posts\/3817\/revisions"}],"predecessor-version":[{"id":3820,"href":"https:\/\/agora.xtec.cat\/ceip-joan-coret\/wp-json\/wp\/v2\/posts\/3817\/revisions\/3820"}],"wp:attachment":[{"href":"https:\/\/agora.xtec.cat\/ceip-joan-coret\/wp-json\/wp\/v2\/media?parent=3817"}],"wp:term":[{"taxonomy":"category","embeddable":true,"href":"https:\/\/agora.xtec.cat\/ceip-joan-coret\/wp-json\/wp\/v2\/categories?post=3817"},{"taxonomy":"post_tag","embeddable":true,"href":"https:\/\/agora.xtec.cat\/ceip-joan-coret\/wp-json\/wp\/v2\/tags?post=3817"}],"curies":[{"name":"wp","href":"https:\/\/api.w.org\/{rel}","templated":true}]}}