{"id":3811,"date":"2020-05-14T10:20:54","date_gmt":"2020-05-14T08:20:54","guid":{"rendered":"http:\/\/agora.xtec.cat\/ceip-joan-coret\/?p=3811"},"modified":"2020-05-14T10:20:54","modified_gmt":"2020-05-14T08:20:54","slug":"catala-dia-14-de-maig","status":"publish","type":"post","link":"https:\/\/agora.xtec.cat\/ceip-joan-coret\/primaria\/5e\/catala-dia-14-de-maig\/","title":{"rendered":"Catal\u00e0 dia 14 de Maig"},"content":{"rendered":"<p>Bon dia a tots i totes.<\/p>\n<p>Avui enviem les feines de catal\u00e0. Despr\u00e9s dels cal.ligrames, que per cert hi ha de molt macos.<\/p>\n<p>Ara comen\u00e7arem a treballar les auques. Us sonen? Segur que s\u00ed i sin\u00f3 amb les activitats que teniu us sonaran.<\/p>\n<p>Esteu treballant molt b\u00e9 tots aquests dies i segur que sortiran rodolins mol macos.<\/p>\n<p style=\"text-align: center;\">Ja podeu anar pensant temes per poder fer un auca entre tots i totes, ja en parlarem la setmana vinent.<\/p>\n<table class=\" aligncenter\" style=\"width: 185px;\">\n<tbody>\n<tr>\n<td style=\"width: 92px;\">Word<\/td>\n<td style=\"width: 85px;\">pdf<\/td>\n<\/tr>\n<tr>\n<td style=\"width: 92px;\"><a href=\"https:\/\/agora.xtec.cat\/ceip-joan-coret\/wp-content\/uploads\/usu1194\/2020\/05\/Auca-1.docx\">Auca 1<\/a><\/td>\n<td style=\"width: 85px;\"><a style=\"color: #2795b6;\" href=\"https:\/\/agora.xtec.cat\/ceip-joan-coret\/wp-content\/uploads\/usu1194\/2020\/05\/Auca-1.pdf\">Auca 1<\/a><\/td>\n<\/tr>\n<tr>\n<td style=\"width: 92px;\"><a href=\"https:\/\/agora.xtec.cat\/ceip-joan-coret\/wp-content\/uploads\/usu1194\/2020\/05\/Auca-2comp.docx\">Auca 2comp<\/a><\/td>\n<td style=\"width: 85px;\"><a href=\"https:\/\/agora.xtec.cat\/ceip-joan-coret\/wp-content\/uploads\/usu1194\/2020\/05\/Auca-2.pdf\">Auca 2<\/a><\/td>\n<\/tr>\n<\/tbody>\n<\/table>\n<p>&nbsp;<\/p>\n<p>Vinga e<span style=\"font-family: inherit; font-size: 1em;\">ndavant amb la feina!!!!<\/span><\/p>\n<p>Una abra\u00e7ada.<\/p>\n<p>Pilar<\/p>\n","protected":false},"excerpt":{"rendered":"<p>Bon dia a tots i totes.<br \/>\nAvui enviem les feines de catal\u00e0. Despr\u00e9s dels cal.ligrames, que per cert hi ha de molt macos.<br \/>\nAra comen\u00e7arem a treballar les auques. Us sonen? Segur que s\u00ed i sin\u00f3 amb les activitats que teniu us sonaran.<br \/>\nEsteu treballant molt b\u00e9 tots&hellip;  <a href=\"https:\/\/agora.xtec.cat\/ceip-joan-coret\/primaria\/5e\/catala-dia-14-de-maig\/\" title=\"Read Catal\u00e0 dia 14 de Maig\">Llegeix m\u00e9s\u00bb<\/a><\/p>\n","protected":false},"author":3,"featured_media":0,"comment_status":"open","ping_status":"closed","sticky":false,"template":"","format":"standard","meta":{"_bbp_topic_count":0,"_bbp_reply_count":0,"_bbp_total_topic_count":0,"_bbp_total_reply_count":0,"_bbp_voice_count":0,"_bbp_anonymous_reply_count":0,"_bbp_topic_count_hidden":0,"_bbp_reply_count_hidden":0,"_bbp_forum_subforum_count":0,"footnotes":""},"categories":[14],"tags":[],"class_list":["post-3811","post","type-post","status-publish","format-standard","hentry","category-5e"],"post_mailing_queue_ids":[],"_links":{"self":[{"href":"https:\/\/agora.xtec.cat\/ceip-joan-coret\/wp-json\/wp\/v2\/posts\/3811","targetHints":{"allow":["GET"]}}],"collection":[{"href":"https:\/\/agora.xtec.cat\/ceip-joan-coret\/wp-json\/wp\/v2\/posts"}],"about":[{"href":"https:\/\/agora.xtec.cat\/ceip-joan-coret\/wp-json\/wp\/v2\/types\/post"}],"author":[{"embeddable":true,"href":"https:\/\/agora.xtec.cat\/ceip-joan-coret\/wp-json\/wp\/v2\/users\/3"}],"replies":[{"embeddable":true,"href":"https:\/\/agora.xtec.cat\/ceip-joan-coret\/wp-json\/wp\/v2\/comments?post=3811"}],"version-history":[{"count":1,"href":"https:\/\/agora.xtec.cat\/ceip-joan-coret\/wp-json\/wp\/v2\/posts\/3811\/revisions"}],"predecessor-version":[{"id":3816,"href":"https:\/\/agora.xtec.cat\/ceip-joan-coret\/wp-json\/wp\/v2\/posts\/3811\/revisions\/3816"}],"wp:attachment":[{"href":"https:\/\/agora.xtec.cat\/ceip-joan-coret\/wp-json\/wp\/v2\/media?parent=3811"}],"wp:term":[{"taxonomy":"category","embeddable":true,"href":"https:\/\/agora.xtec.cat\/ceip-joan-coret\/wp-json\/wp\/v2\/categories?post=3811"},{"taxonomy":"post_tag","embeddable":true,"href":"https:\/\/agora.xtec.cat\/ceip-joan-coret\/wp-json\/wp\/v2\/tags?post=3811"}],"curies":[{"name":"wp","href":"https:\/\/api.w.org\/{rel}","templated":true}]}}