{"id":3807,"date":"2020-05-14T00:01:13","date_gmt":"2020-05-13T22:01:13","guid":{"rendered":"http:\/\/agora.xtec.cat\/ceip-joan-coret\/?p=3807"},"modified":"2020-05-14T00:01:13","modified_gmt":"2020-05-13T22:01:13","slug":"activitats-dia-14-fins-el-dia-21","status":"publish","type":"post","link":"https:\/\/agora.xtec.cat\/ceip-joan-coret\/general\/activitats-dia-14-fins-el-dia-21\/","title":{"rendered":"ACTIVITATS DIA 14 FINS EL DIA 21"},"content":{"rendered":"<p>Bon dia a tothom.<\/p>\n<p>Les activitats d&#8217;avui dia 14 fins el dia 21 s\u00f3n les seg\u00fcents:<\/p>\n<p>-Lectura lliure.<\/p>\n<p>-Medi Natural: Una p\u00e0gina web sobre els \u00e9ssers vius i una fitxa per fer despr\u00e9s de realitzar l&#8217;activitat.<\/p>\n<p><a href=\"https:\/\/agora.xtec.cat\/ceip-joan-coret\/wp-content\/uploads\/usu1194\/2020\/05\/TASCA-2-MEDI-NATURAL-SOM-\u00c8SSERS-VIUS.docx\">TASCA 2 MEDI NATURAL SOM \u00c8SSERS VIUS<\/a><\/p>\n<p><a href=\"https:\/\/agora.xtec.cat\/ceip-joan-coret\/wp-content\/uploads\/usu1194\/2020\/05\/FITXA-TASCA-2-SOM-\u00c8SSERS-VIUS.docx\">FITXA TASCA 2 SOM \u00c8SSERS VIUS<\/a><\/p>\n<p>Salutacions.<\/p>\n<p>Guillem<\/p>\n","protected":false},"excerpt":{"rendered":"<p>Bon dia a tothom.<br \/>\nLes activitats d&#8217;avui dia 14 fins el dia 21 s\u00f3n les seg\u00fcents:<br \/>\n-Lectura lliure.<br \/>\n-Medi Natural: Una p\u00e0gina web sobre els \u00e9ssers vius i una fitxa per fer despr\u00e9s de realitzar l&#8217;activitat.<br \/>\n<a href=\"https:\/\/agora.xtec.cat\/ceip-joan-coret\/wp-content\/uploads\/usu1194\/2020\/05\/TASCA-2-MEDI-NATURAL-SOM-\u00c8SSERS-VIUS.docx\">TASCA 2 MEDI NATURAL SOM \u00c8SSERS VIUS<\/a><br \/>\n<a href=\"https:\/\/agora.xtec.cat\/ceip-joan-coret\/wp-content\/uploads\/usu1194\/2020\/05\/FITXA-TASCA-2-SOM-\u00c8SSERS-VIUS.docx\">FITXA TASCA 2 SOM \u00c8SSERS&hellip;  <a href=\"https:\/\/agora.xtec.cat\/ceip-joan-coret\/general\/activitats-dia-14-fins-el-dia-21\/\" title=\"Read ACTIVITATS DIA 14 FINS EL DIA 21\">Llegeix m\u00e9s\u00bb<\/a><\/p>\n","protected":false},"author":2,"featured_media":0,"comment_status":"open","ping_status":"closed","sticky":false,"template":"","format":"standard","meta":{"_bbp_topic_count":0,"_bbp_reply_count":0,"_bbp_total_topic_count":0,"_bbp_total_reply_count":0,"_bbp_voice_count":0,"_bbp_anonymous_reply_count":0,"_bbp_topic_count_hidden":0,"_bbp_reply_count_hidden":0,"_bbp_forum_subforum_count":0,"footnotes":""},"categories":[12,1,5],"tags":[],"class_list":["post-3807","post","type-post","status-publish","format-standard","hentry","category-3r","category-general","category-primaria"],"post_mailing_queue_ids":[],"_links":{"self":[{"href":"https:\/\/agora.xtec.cat\/ceip-joan-coret\/wp-json\/wp\/v2\/posts\/3807","targetHints":{"allow":["GET"]}}],"collection":[{"href":"https:\/\/agora.xtec.cat\/ceip-joan-coret\/wp-json\/wp\/v2\/posts"}],"about":[{"href":"https:\/\/agora.xtec.cat\/ceip-joan-coret\/wp-json\/wp\/v2\/types\/post"}],"author":[{"embeddable":true,"href":"https:\/\/agora.xtec.cat\/ceip-joan-coret\/wp-json\/wp\/v2\/users\/2"}],"replies":[{"embeddable":true,"href":"https:\/\/agora.xtec.cat\/ceip-joan-coret\/wp-json\/wp\/v2\/comments?post=3807"}],"version-history":[{"count":1,"href":"https:\/\/agora.xtec.cat\/ceip-joan-coret\/wp-json\/wp\/v2\/posts\/3807\/revisions"}],"predecessor-version":[{"id":3810,"href":"https:\/\/agora.xtec.cat\/ceip-joan-coret\/wp-json\/wp\/v2\/posts\/3807\/revisions\/3810"}],"wp:attachment":[{"href":"https:\/\/agora.xtec.cat\/ceip-joan-coret\/wp-json\/wp\/v2\/media?parent=3807"}],"wp:term":[{"taxonomy":"category","embeddable":true,"href":"https:\/\/agora.xtec.cat\/ceip-joan-coret\/wp-json\/wp\/v2\/categories?post=3807"},{"taxonomy":"post_tag","embeddable":true,"href":"https:\/\/agora.xtec.cat\/ceip-joan-coret\/wp-json\/wp\/v2\/tags?post=3807"}],"curies":[{"name":"wp","href":"https:\/\/api.w.org\/{rel}","templated":true}]}}