{"id":3702,"date":"2020-05-08T12:14:02","date_gmt":"2020-05-08T10:14:02","guid":{"rendered":"http:\/\/agora.xtec.cat\/ceip-joan-coret\/?p=3702"},"modified":"2020-05-08T12:14:02","modified_gmt":"2020-05-08T10:14:02","slug":"castellano-8-de-mayo","status":"publish","type":"post","link":"https:\/\/agora.xtec.cat\/ceip-joan-coret\/primaria\/5e\/castellano-8-de-mayo\/","title":{"rendered":"Castellano 8 de Mayo"},"content":{"rendered":"<p>Hola a tod@s!<\/p>\n<p>Os escribo, aprovechando que os mandamos las tareas de castellano de esta semana, para presentarme. Soy Fran, maestro de castellano , y voy a estar con vosotros ech\u00e1ndole una mano a Eva con lengua castellana. Muchos ya me conocer\u00e9is de vernos por el cole y en la biblioteca en el pr\u00e9stamo de libros. Espero que podamos trabajar muy bien juntos.<\/p>\n<p>Para cualquier duda o problema estoy a vuestra disposici\u00f3n.<\/p>\n<p>Como hab\u00eda dicho anteriormente, aqu\u00ed os dejo las tareas de castellano de esta semana.<\/p>\n<p>-Comprensi\u00f3n lectora <a href=\"https:\/\/agora.xtec.cat\/ceip-joan-coret\/wp-content\/uploads\/usu1194\/2020\/05\/LECTURA-Castellano.pdf\">LECTURA Castellano<\/a><\/p>\n<p>-Ficha actividades La s\u00edlaba pdf: <a href=\"https:\/\/agora.xtec.cat\/ceip-joan-coret\/wp-content\/uploads\/usu1194\/2020\/05\/La-s\u00edlaba.-S\u00edlaba-t\u00f3nica-y-\u00e1tona-.pdf\">La s\u00edlaba. S\u00edlaba t\u00f3nica y \u00e1tona<\/a> \u00a0 \u00a0Doc: <a href=\"https:\/\/agora.xtec.cat\/ceip-joan-coret\/wp-content\/uploads\/usu1194\/2020\/05\/La-s\u00edlaba.-S\u00edlaba-t\u00f3nica-y-\u00e1tona-.docx\">La s\u00edlaba. S\u00edlaba t\u00f3nica y \u00e1tona<\/a><\/p>\n<p>Espero que est\u00e9is todos muy bien.<\/p>\n<p>Un saludo,<\/p>\n<p>Fran<\/p>\n","protected":false},"excerpt":{"rendered":"<p>Hola a tod@s!<br \/>\nOs escribo, aprovechando que os mandamos las tareas de castellano de esta semana, para presentarme. Soy Fran, maestro de castellano , y voy a estar con vosotros ech\u00e1ndole una mano a Eva con lengua castellana. Muchos ya me conocer\u00e9is de vernos por el&hellip;  <a href=\"https:\/\/agora.xtec.cat\/ceip-joan-coret\/primaria\/5e\/castellano-8-de-mayo\/\" title=\"Read Castellano 8 de Mayo\">Llegeix m\u00e9s\u00bb<\/a><\/p>\n","protected":false},"author":3,"featured_media":0,"comment_status":"open","ping_status":"closed","sticky":false,"template":"","format":"standard","meta":{"_bbp_topic_count":0,"_bbp_reply_count":0,"_bbp_total_topic_count":0,"_bbp_total_reply_count":0,"_bbp_voice_count":0,"_bbp_anonymous_reply_count":0,"_bbp_topic_count_hidden":0,"_bbp_reply_count_hidden":0,"_bbp_forum_subforum_count":0,"footnotes":""},"categories":[14],"tags":[],"class_list":["post-3702","post","type-post","status-publish","format-standard","hentry","category-5e"],"post_mailing_queue_ids":[],"_links":{"self":[{"href":"https:\/\/agora.xtec.cat\/ceip-joan-coret\/wp-json\/wp\/v2\/posts\/3702","targetHints":{"allow":["GET"]}}],"collection":[{"href":"https:\/\/agora.xtec.cat\/ceip-joan-coret\/wp-json\/wp\/v2\/posts"}],"about":[{"href":"https:\/\/agora.xtec.cat\/ceip-joan-coret\/wp-json\/wp\/v2\/types\/post"}],"author":[{"embeddable":true,"href":"https:\/\/agora.xtec.cat\/ceip-joan-coret\/wp-json\/wp\/v2\/users\/3"}],"replies":[{"embeddable":true,"href":"https:\/\/agora.xtec.cat\/ceip-joan-coret\/wp-json\/wp\/v2\/comments?post=3702"}],"version-history":[{"count":1,"href":"https:\/\/agora.xtec.cat\/ceip-joan-coret\/wp-json\/wp\/v2\/posts\/3702\/revisions"}],"predecessor-version":[{"id":3706,"href":"https:\/\/agora.xtec.cat\/ceip-joan-coret\/wp-json\/wp\/v2\/posts\/3702\/revisions\/3706"}],"wp:attachment":[{"href":"https:\/\/agora.xtec.cat\/ceip-joan-coret\/wp-json\/wp\/v2\/media?parent=3702"}],"wp:term":[{"taxonomy":"category","embeddable":true,"href":"https:\/\/agora.xtec.cat\/ceip-joan-coret\/wp-json\/wp\/v2\/categories?post=3702"},{"taxonomy":"post_tag","embeddable":true,"href":"https:\/\/agora.xtec.cat\/ceip-joan-coret\/wp-json\/wp\/v2\/tags?post=3702"}],"curies":[{"name":"wp","href":"https:\/\/api.w.org\/{rel}","templated":true}]}}