{"id":3698,"date":"2020-05-08T12:00:59","date_gmt":"2020-05-08T10:00:59","guid":{"rendered":"http:\/\/agora.xtec.cat\/ceip-joan-coret\/?p=3698"},"modified":"2020-05-08T12:00:59","modified_gmt":"2020-05-08T10:00:59","slug":"castellano-dia-8-de-mayo","status":"publish","type":"post","link":"https:\/\/agora.xtec.cat\/ceip-joan-coret\/primaria\/6e\/castellano-dia-8-de-mayo\/","title":{"rendered":"Castellano dia 8 de Mayo"},"content":{"rendered":"<p>Hola a tod@s!<\/p>\n<p>Os escribo, aprovechando que os mandamos las tareas de castellano de esta semana, para presentarme. Soy Fran, maestro de castellano , y voy a estar con vosotros ech\u00e1ndole una mano a Eva con lengua castellana. Muchos ya me conocer\u00e9is de vernos por el cole y en la biblioteca en el pr\u00e9stamo de libros. Espero que podamos trabajar muy bien juntos.<\/p>\n<p>Para cualquier duda o problema estoy a vuestra disposici\u00f3n.<\/p>\n<p>Como hab\u00eda dicho anteriormente, aqu\u00ed os dejo las tareas de castellano de esta semana.<\/p>\n<p>&#8211; Comprensi\u00f3n lectora <a href=\"https:\/\/agora.xtec.cat\/ceip-joan-coret\/wp-content\/uploads\/usu1194\/2020\/05\/LECTURA-Castellano.pdf\">LECTURA Castellano<\/a><\/p>\n<p>&#8211; Un enlace para una actividad sobre el uso de la G y J. En el enlace, que os dejo aqu\u00ed abajo, deb\u00e9is completar las actividades y una vez finalizadas pulsar a &#8220;TERMINAR&#8221; . Os pedir\u00e1 que introduzc\u00e1is vuestro nombre y clase y luego puls\u00e9is\u00a0a enviar.<\/p>\n<p><a href=\"https:\/\/es.liveworksheets.com\/c?a=s&amp;t=524z1upfxj&amp;m=d&amp;l=mb&amp;i=dtxudn&amp;r=gf\" target=\"_blank\" rel=\"noopener noreferrer\" data-saferedirecturl=\"https:\/\/www.google.com\/url?q=https:\/\/es.liveworksheets.com\/c?a%3Ds%26t%3D524z1upfxj%26m%3Dd%26l%3Dmb%26i%3Ddtxudn%26r%3Dgf&amp;source=gmail&amp;ust=1589018198041000&amp;usg=AFQjCNFqSZdW4qo8kzPbZzbMaD9mzHAqHA\">https:\/\/es.liveworksheets.com\/<wbr \/>c?a=s&amp;t=524z1upfxj&amp;m=d&amp;l=mb&amp;i=<wbr \/>dtxudn&amp;r=gf<\/a><\/p>\n<p>Espero que est\u00e9is todos muy bien.<\/p>\n<p>Un saludo,<\/p>\n<p>Fran<a href=\"https:\/\/agora.xtec.cat\/ceip-joan-coret\/wp-content\/uploads\/usu1194\/2020\/05\/LECTURA-Castellano.pdf\">LECTURA Castellano<\/a><\/p>\n","protected":false},"excerpt":{"rendered":"<p>Hola a tod@s!<br \/>\nOs escribo, aprovechando que os mandamos las tareas de castellano de esta semana, para presentarme. Soy Fran, maestro de castellano , y voy a estar con vosotros ech\u00e1ndole una mano a Eva con lengua castellana. Muchos ya me conocer\u00e9is de vernos por el&hellip;  <a href=\"https:\/\/agora.xtec.cat\/ceip-joan-coret\/primaria\/6e\/castellano-dia-8-de-mayo\/\" title=\"Read Castellano dia 8 de Mayo\">Llegeix m\u00e9s\u00bb<\/a><\/p>\n","protected":false},"author":3,"featured_media":0,"comment_status":"open","ping_status":"closed","sticky":false,"template":"","format":"standard","meta":{"_bbp_topic_count":0,"_bbp_reply_count":0,"_bbp_total_topic_count":0,"_bbp_total_reply_count":0,"_bbp_voice_count":0,"_bbp_anonymous_reply_count":0,"_bbp_topic_count_hidden":0,"_bbp_reply_count_hidden":0,"_bbp_forum_subforum_count":0,"footnotes":""},"categories":[15],"tags":[],"class_list":["post-3698","post","type-post","status-publish","format-standard","hentry","category-6e"],"post_mailing_queue_ids":[],"_links":{"self":[{"href":"https:\/\/agora.xtec.cat\/ceip-joan-coret\/wp-json\/wp\/v2\/posts\/3698","targetHints":{"allow":["GET"]}}],"collection":[{"href":"https:\/\/agora.xtec.cat\/ceip-joan-coret\/wp-json\/wp\/v2\/posts"}],"about":[{"href":"https:\/\/agora.xtec.cat\/ceip-joan-coret\/wp-json\/wp\/v2\/types\/post"}],"author":[{"embeddable":true,"href":"https:\/\/agora.xtec.cat\/ceip-joan-coret\/wp-json\/wp\/v2\/users\/3"}],"replies":[{"embeddable":true,"href":"https:\/\/agora.xtec.cat\/ceip-joan-coret\/wp-json\/wp\/v2\/comments?post=3698"}],"version-history":[{"count":1,"href":"https:\/\/agora.xtec.cat\/ceip-joan-coret\/wp-json\/wp\/v2\/posts\/3698\/revisions"}],"predecessor-version":[{"id":3700,"href":"https:\/\/agora.xtec.cat\/ceip-joan-coret\/wp-json\/wp\/v2\/posts\/3698\/revisions\/3700"}],"wp:attachment":[{"href":"https:\/\/agora.xtec.cat\/ceip-joan-coret\/wp-json\/wp\/v2\/media?parent=3698"}],"wp:term":[{"taxonomy":"category","embeddable":true,"href":"https:\/\/agora.xtec.cat\/ceip-joan-coret\/wp-json\/wp\/v2\/categories?post=3698"},{"taxonomy":"post_tag","embeddable":true,"href":"https:\/\/agora.xtec.cat\/ceip-joan-coret\/wp-json\/wp\/v2\/tags?post=3698"}],"curies":[{"name":"wp","href":"https:\/\/api.w.org\/{rel}","templated":true}]}}