{"id":3689,"date":"2020-05-08T00:01:28","date_gmt":"2020-05-07T22:01:28","guid":{"rendered":"http:\/\/agora.xtec.cat\/ceip-joan-coret\/?p=3689"},"modified":"2020-05-08T00:01:28","modified_gmt":"2020-05-07T22:01:28","slug":"activitats-dia-8-fins-el-dia-15","status":"publish","type":"post","link":"https:\/\/agora.xtec.cat\/ceip-joan-coret\/general\/activitats-dia-8-fins-el-dia-15\/","title":{"rendered":"ACTIVITATS DIA 8 FINS EL DIA 15"},"content":{"rendered":"<p>Hola a tothom. Us enviem les tasques del dia 8 fins el dia 15.<\/p>\n<div dir=\"auto\">\n<div dir=\"auto\">-Valors: tasca 2<\/div>\n<\/div>\n<div dir=\"auto\"><\/div>\n<div dir=\"auto\"><a href=\"https:\/\/agora.xtec.cat\/ceip-joan-coret\/wp-content\/uploads\/usu1194\/2020\/05\/Valors2-sense-sostre.docx\">Valors2 sense sostre<\/a><\/div>\n<div dir=\"auto\">\n<div dir=\"auto\"><\/div>\n<div dir=\"auto\">Recordem que el dilluns \u00e9s festiu a Badalona i el dimarts \u00e9s dia de lliure disposici\u00f3 de l&#8217;escola. Per tal motiu aprofiteu aquests dies per avan\u00e7ar en feines pendents i ja tornarem a enviar activitats el dimecres.<\/div>\n<div dir=\"auto\">\n<div dir=\"auto\">Salutacions.<\/div>\n<div dir=\"auto\">Guillem<\/div>\n<\/div>\n<\/div>\n","protected":false},"excerpt":{"rendered":"<p>Hola a tothom. Us enviem les tasques del dia 8 fins el dia 15.<\/p>\n<p>-Valors: tasca 2<\/p>\n<p><a href=\"https:\/\/agora.xtec.cat\/ceip-joan-coret\/wp-content\/uploads\/usu1194\/2020\/05\/Valors2-sense-sostre.docx\">Valors2 sense sostre<\/a><\/p>\n<p>Recordem que el dilluns \u00e9s festiu a Badalona i el dimarts \u00e9s dia de lliure disposici\u00f3 de l&#8217;escola. Per tal motiu aprofiteu aquests dies per avan\u00e7ar en&hellip;  <a href=\"https:\/\/agora.xtec.cat\/ceip-joan-coret\/general\/activitats-dia-8-fins-el-dia-15\/\" title=\"Read ACTIVITATS DIA 8 FINS EL DIA 15\">Llegeix m\u00e9s\u00bb<\/a><\/p>\n","protected":false},"author":2,"featured_media":0,"comment_status":"open","ping_status":"closed","sticky":false,"template":"","format":"standard","meta":{"_bbp_topic_count":0,"_bbp_reply_count":0,"_bbp_total_topic_count":0,"_bbp_total_reply_count":0,"_bbp_voice_count":0,"_bbp_anonymous_reply_count":0,"_bbp_topic_count_hidden":0,"_bbp_reply_count_hidden":0,"_bbp_forum_subforum_count":0,"footnotes":""},"categories":[12,1,5],"tags":[],"class_list":["post-3689","post","type-post","status-publish","format-standard","hentry","category-3r","category-general","category-primaria"],"post_mailing_queue_ids":[],"_links":{"self":[{"href":"https:\/\/agora.xtec.cat\/ceip-joan-coret\/wp-json\/wp\/v2\/posts\/3689","targetHints":{"allow":["GET"]}}],"collection":[{"href":"https:\/\/agora.xtec.cat\/ceip-joan-coret\/wp-json\/wp\/v2\/posts"}],"about":[{"href":"https:\/\/agora.xtec.cat\/ceip-joan-coret\/wp-json\/wp\/v2\/types\/post"}],"author":[{"embeddable":true,"href":"https:\/\/agora.xtec.cat\/ceip-joan-coret\/wp-json\/wp\/v2\/users\/2"}],"replies":[{"embeddable":true,"href":"https:\/\/agora.xtec.cat\/ceip-joan-coret\/wp-json\/wp\/v2\/comments?post=3689"}],"version-history":[{"count":1,"href":"https:\/\/agora.xtec.cat\/ceip-joan-coret\/wp-json\/wp\/v2\/posts\/3689\/revisions"}],"predecessor-version":[{"id":3691,"href":"https:\/\/agora.xtec.cat\/ceip-joan-coret\/wp-json\/wp\/v2\/posts\/3689\/revisions\/3691"}],"wp:attachment":[{"href":"https:\/\/agora.xtec.cat\/ceip-joan-coret\/wp-json\/wp\/v2\/media?parent=3689"}],"wp:term":[{"taxonomy":"category","embeddable":true,"href":"https:\/\/agora.xtec.cat\/ceip-joan-coret\/wp-json\/wp\/v2\/categories?post=3689"},{"taxonomy":"post_tag","embeddable":true,"href":"https:\/\/agora.xtec.cat\/ceip-joan-coret\/wp-json\/wp\/v2\/tags?post=3689"}],"curies":[{"name":"wp","href":"https:\/\/api.w.org\/{rel}","templated":true}]}}