{"id":3679,"date":"2020-05-07T10:29:49","date_gmt":"2020-05-07T08:29:49","guid":{"rendered":"http:\/\/agora.xtec.cat\/ceip-joan-coret\/?p=3679"},"modified":"2020-05-07T10:31:02","modified_gmt":"2020-05-07T08:31:02","slug":"catala-dia-7-de-maig","status":"publish","type":"post","link":"https:\/\/agora.xtec.cat\/ceip-joan-coret\/primaria\/5e\/catala-dia-7-de-maig\/","title":{"rendered":"Catal\u00e0 dia 7 de Maig"},"content":{"rendered":"<p style=\"font-weight: 400;\">Hola nois i noies.<\/p>\n<p style=\"font-weight: 400;\">Avui us enviem les tasques de catal\u00e0.<\/p>\n<p style=\"font-weight: 400;\">Unes per repassar el que hav\u00edem donat a classe, sobre paraules agudes, planes esdr\u00faixoles (us sonen no??) i una altra tasca molt diferent, que us expliquem en un altre document.<\/p>\n<p style=\"font-weight: 400;\">Aqu\u00ed teniu els enlla\u00e7os per fer les activitats de catal\u00e0 d\u2019accentuaci\u00f3:<\/p>\n<p style=\"font-weight: 400;\"><a href=\"https:\/\/es.liveworksheets.com\/ia348983ag\" data-saferedirecturl=\"https:\/\/www.google.com\/url?q=https:\/\/es.liveworksheets.com\/ia348983ag&amp;source=gmail&amp;ust=1588925885777000&amp;usg=AFQjCNGmlATkxsclQMOjUVeN-JLNSA_KyA\">https:\/\/es.liveworksheets.com\/ia348983ag<\/a><\/p>\n<p style=\"font-weight: 400;\"><a href=\"https:\/\/es.liveworksheets.com\/jm299091oo\" data-saferedirecturl=\"https:\/\/www.google.com\/url?q=https:\/\/es.liveworksheets.com\/jm299091oo&amp;source=gmail&amp;ust=1588925885777000&amp;usg=AFQjCNG22KdEH7m063vXA4gK9pfKZFQk9w\">https:\/\/es.liveworksheets.com\/jm299091oo<\/a><\/p>\n<p style=\"font-weight: 400;\"><a href=\"https:\/\/es.liveworksheets.com\/ff396880rl\" data-saferedirecturl=\"https:\/\/www.google.com\/url?q=https:\/\/es.liveworksheets.com\/ff396880rl&amp;source=gmail&amp;ust=1588925885777000&amp;usg=AFQjCNGnUPjAyImpS2Z-GJ4LiuL2RO3eVQ\">https:\/\/es.liveworksheets.com\/ff396880rl<\/a><\/p>\n<p style=\"font-weight: 400;\">S\u00f3n tres activitats molt senzilles, i ja sabeu quan acabeu, les envieu al mail:<\/p>\n<p style=\"font-weight: 400;\"><a href=\"mailto:pgarrid3@xtec.cat\">pgarrid3@xtec.cat<\/a><\/p>\n<p style=\"font-weight: 400;\"><strong><u>NO US OBLIDEU DE MIRAR ELS DOCUMENTS ADJUNTS PER FER L&#8217;ALTRA TASCA<\/u><\/strong><\/p>\n<p><a href=\"https:\/\/agora.xtec.cat\/ceip-joan-coret\/wp-content\/uploads\/usu1194\/2020\/05\/Booktubers-1.docx\">Booktubers<\/a><\/p>\n<p><a href=\"https:\/\/agora.xtec.cat\/ceip-joan-coret\/wp-content\/uploads\/usu1194\/2020\/05\/Gui\u00f3-Booktube-.docx\">Gui\u00f3 Booktube<\/a><\/p>\n","protected":false},"excerpt":{"rendered":"<p>Hola nois i noies.<br \/>\nAvui us enviem les tasques de catal\u00e0.<br \/>\nUnes per repassar el que hav\u00edem donat a classe, sobre paraules agudes, planes esdr\u00faixoles (us sonen no??) i una altra tasca molt diferent, que us expliquem en un altre document.<br \/>\nAqu\u00ed teniu els enlla\u00e7os per fer les&hellip;  <a href=\"https:\/\/agora.xtec.cat\/ceip-joan-coret\/primaria\/5e\/catala-dia-7-de-maig\/\" title=\"Read Catal\u00e0 dia 7 de Maig\">Llegeix m\u00e9s\u00bb<\/a><\/p>\n","protected":false},"author":3,"featured_media":0,"comment_status":"open","ping_status":"closed","sticky":false,"template":"","format":"standard","meta":{"_bbp_topic_count":0,"_bbp_reply_count":0,"_bbp_total_topic_count":0,"_bbp_total_reply_count":0,"_bbp_voice_count":0,"_bbp_anonymous_reply_count":0,"_bbp_topic_count_hidden":0,"_bbp_reply_count_hidden":0,"_bbp_forum_subforum_count":0,"footnotes":""},"categories":[14],"tags":[68,350],"class_list":["post-3679","post","type-post","status-publish","format-standard","hentry","category-5e","tag-5e","tag-catala"],"post_mailing_queue_ids":[],"_links":{"self":[{"href":"https:\/\/agora.xtec.cat\/ceip-joan-coret\/wp-json\/wp\/v2\/posts\/3679","targetHints":{"allow":["GET"]}}],"collection":[{"href":"https:\/\/agora.xtec.cat\/ceip-joan-coret\/wp-json\/wp\/v2\/posts"}],"about":[{"href":"https:\/\/agora.xtec.cat\/ceip-joan-coret\/wp-json\/wp\/v2\/types\/post"}],"author":[{"embeddable":true,"href":"https:\/\/agora.xtec.cat\/ceip-joan-coret\/wp-json\/wp\/v2\/users\/3"}],"replies":[{"embeddable":true,"href":"https:\/\/agora.xtec.cat\/ceip-joan-coret\/wp-json\/wp\/v2\/comments?post=3679"}],"version-history":[{"count":2,"href":"https:\/\/agora.xtec.cat\/ceip-joan-coret\/wp-json\/wp\/v2\/posts\/3679\/revisions"}],"predecessor-version":[{"id":3684,"href":"https:\/\/agora.xtec.cat\/ceip-joan-coret\/wp-json\/wp\/v2\/posts\/3679\/revisions\/3684"}],"wp:attachment":[{"href":"https:\/\/agora.xtec.cat\/ceip-joan-coret\/wp-json\/wp\/v2\/media?parent=3679"}],"wp:term":[{"taxonomy":"category","embeddable":true,"href":"https:\/\/agora.xtec.cat\/ceip-joan-coret\/wp-json\/wp\/v2\/categories?post=3679"},{"taxonomy":"post_tag","embeddable":true,"href":"https:\/\/agora.xtec.cat\/ceip-joan-coret\/wp-json\/wp\/v2\/tags?post=3679"}],"curies":[{"name":"wp","href":"https:\/\/api.w.org\/{rel}","templated":true}]}}