{"id":3675,"date":"2020-05-07T00:06:36","date_gmt":"2020-05-06T22:06:36","guid":{"rendered":"http:\/\/agora.xtec.cat\/ceip-joan-coret\/?p=3675"},"modified":"2020-05-07T00:12:26","modified_gmt":"2020-05-06T22:12:26","slug":"activitats-dia-7-fins-el-dia-14","status":"publish","type":"post","link":"https:\/\/agora.xtec.cat\/ceip-joan-coret\/general\/activitats-dia-7-fins-el-dia-14\/","title":{"rendered":"ACTIVITATS DIA 7 FINS EL DIA 14"},"content":{"rendered":"<div class=\"gs\">\n<div class=\"\">\n<div id=\":tu\" class=\"ii gt\">\n<div id=\":tt\" class=\"a3s aXjCH \">\n<div dir=\"ltr\">Bon dia a tots i a totes. Les activitats del dia 7 fins el dia 14 s\u00f3n les seg\u00fcents:<\/div>\n<div dir=\"ltr\">\n<div><\/div>\n<div>-Lectura lliure.<\/div>\n<div>-Medi Social: P\u00e0gina inter\u00e0ctiva sobre pobles i ciutats. Podeu fer una foto, un v\u00eddeo o un petit escrit per tenir evid\u00e8ncia que heu fet l&#8217;activitat.<\/div>\n<\/div>\n<\/div>\n<\/div>\n<\/div>\n<div><\/div>\n<\/div>\n<div><a href=\"https:\/\/agora.xtec.cat\/ceip-joan-coret\/wp-content\/uploads\/usu1194\/2020\/05\/POBLES-I-CIUTATS.docx\">POBLES I CIUTATS<\/a><\/div>\n<div><\/div>\n<div class=\"gs\">\n<div class=\"\">\n<div id=\":tu\" class=\"ii gt\">\n<div id=\":tt\" class=\"a3s aXjCH \">\n<div dir=\"ltr\">\n<div>Salutacions.<\/div>\n<div>Guillem<\/div>\n<\/div>\n<div class=\"adL\"><\/div>\n<\/div>\n<\/div>\n<div id=\":n6\" class=\"hq gt a10\">\n<div id=\":n3\"><\/div>\n<div id=\":n4\" class=\"aQH\">\n<div class=\"aZK\"><\/div>\n<\/div>\n<\/div>\n<div class=\"hi\"><\/div>\n<\/div>\n<\/div>\n","protected":false},"excerpt":{"rendered":"<p>Bon dia a tots i a totes. Les activitats del dia 7 fins el dia 14 s\u00f3n les seg\u00fcents:<\/p>\n<p>-Lectura lliure.<br \/>\n-Medi Social: P\u00e0gina inter\u00e0ctiva sobre pobles i ciutats. Podeu fer una foto, un v\u00eddeo o un petit escrit per tenir evid\u00e8ncia que heu fet l&#8217;activitat.<\/p>\n<p><a href=\"https:\/\/agora.xtec.cat\/ceip-joan-coret\/wp-content\/uploads\/usu1194\/2020\/05\/POBLES-I-CIUTATS.docx\">POBLES&hellip;  <a href=\"https:\/\/agora.xtec.cat\/ceip-joan-coret\/general\/activitats-dia-7-fins-el-dia-14\/\" title=\"Read ACTIVITATS DIA 7 FINS EL DIA 14\">Llegeix m\u00e9s\u00bb<\/a><\/p>\n","protected":false},"author":2,"featured_media":0,"comment_status":"open","ping_status":"closed","sticky":false,"template":"","format":"standard","meta":{"_bbp_topic_count":0,"_bbp_reply_count":0,"_bbp_total_topic_count":0,"_bbp_total_reply_count":0,"_bbp_voice_count":0,"_bbp_anonymous_reply_count":0,"_bbp_topic_count_hidden":0,"_bbp_reply_count_hidden":0,"_bbp_forum_subforum_count":0,"footnotes":""},"categories":[12,1,5],"tags":[],"class_list":["post-3675","post","type-post","status-publish","format-standard","hentry","category-3r","category-general","category-primaria"],"post_mailing_queue_ids":[],"_links":{"self":[{"href":"https:\/\/agora.xtec.cat\/ceip-joan-coret\/wp-json\/wp\/v2\/posts\/3675","targetHints":{"allow":["GET"]}}],"collection":[{"href":"https:\/\/agora.xtec.cat\/ceip-joan-coret\/wp-json\/wp\/v2\/posts"}],"about":[{"href":"https:\/\/agora.xtec.cat\/ceip-joan-coret\/wp-json\/wp\/v2\/types\/post"}],"author":[{"embeddable":true,"href":"https:\/\/agora.xtec.cat\/ceip-joan-coret\/wp-json\/wp\/v2\/users\/2"}],"replies":[{"embeddable":true,"href":"https:\/\/agora.xtec.cat\/ceip-joan-coret\/wp-json\/wp\/v2\/comments?post=3675"}],"version-history":[{"count":2,"href":"https:\/\/agora.xtec.cat\/ceip-joan-coret\/wp-json\/wp\/v2\/posts\/3675\/revisions"}],"predecessor-version":[{"id":3678,"href":"https:\/\/agora.xtec.cat\/ceip-joan-coret\/wp-json\/wp\/v2\/posts\/3675\/revisions\/3678"}],"wp:attachment":[{"href":"https:\/\/agora.xtec.cat\/ceip-joan-coret\/wp-json\/wp\/v2\/media?parent=3675"}],"wp:term":[{"taxonomy":"category","embeddable":true,"href":"https:\/\/agora.xtec.cat\/ceip-joan-coret\/wp-json\/wp\/v2\/categories?post=3675"},{"taxonomy":"post_tag","embeddable":true,"href":"https:\/\/agora.xtec.cat\/ceip-joan-coret\/wp-json\/wp\/v2\/tags?post=3675"}],"curies":[{"name":"wp","href":"https:\/\/api.w.org\/{rel}","templated":true}]}}