{"id":3671,"date":"2020-05-06T13:52:56","date_gmt":"2020-05-06T11:52:56","guid":{"rendered":"http:\/\/agora.xtec.cat\/ceip-joan-coret\/?p=3671"},"modified":"2020-05-06T13:52:56","modified_gmt":"2020-05-06T11:52:56","slug":"festes-de-maig-dia-6","status":"publish","type":"post","link":"https:\/\/agora.xtec.cat\/ceip-joan-coret\/portada\/festes-de-maig-dia-6\/","title":{"rendered":"Festes de Maig dia 6"},"content":{"rendered":"<p style=\"text-align: center;\"><a href=\"https:\/\/agora.xtec.cat\/ceip-joan-coret\/wp-content\/uploads\/usu1194\/2020\/04\/festesde-maig.jpg\"><img loading=\"lazy\" decoding=\"async\" class=\"alignnone  wp-image-3499\" src=\"https:\/\/agora.xtec.cat\/ceip-joan-coret\/wp-content\/uploads\/usu1194\/2020\/04\/festesde-maig-300x124.jpg\" alt=\"\" width=\"189\" height=\"78\" srcset=\"https:\/\/agora.xtec.cat\/ceip-joan-coret\/wp-content\/uploads\/usu1194\/2020\/04\/festesde-maig-300x124.jpg 300w, https:\/\/agora.xtec.cat\/ceip-joan-coret\/wp-content\/uploads\/usu1194\/2020\/04\/festesde-maig-768x317.jpg 768w, https:\/\/agora.xtec.cat\/ceip-joan-coret\/wp-content\/uploads\/usu1194\/2020\/04\/festesde-maig.jpg 956w\" sizes=\"auto, (max-width: 189px) 100vw, 189px\" \/><\/a><\/p>\n<h1><b>EL SENTIT RITUAL DE LA FESTA<\/b><\/h1>\n<p>La festa \u00e9s tradici\u00f3 i aquesta \u00e9s, sense dubte ritual. Ritual? S\u00ed! Un ritual \u00e9s un conjunt d\u2019actes que tenen un sentit col\u00b7lectiu, o comunitari. S\u00f3n els costums que la poblaci\u00f3, individualment o social, mant\u00e9 vius, ancorats en el temps, perqu\u00e8 d\u2019una altra manera, Badalona els viu des de fa molts anys. La vig\u00edlia i la diada de Sant Anastasi s\u00f3n un pou sense fons de tradicions, \u00e9s per aix\u00f2 que ens agradaria poder recordar aquests costums que vivim com a ciutat i sobretot, que els visqueu.<\/p>\n<p>El que us proposem avui \u00e9s que mirem d\u2019adaptar, entre tots, la festivitat de Sant Anastasi al confinament. Per aix\u00f2, el tutorial que s\u2019emetr\u00e0 per Badalona Comunicaci\u00f3 i que penjarem a les xarxes ser\u00e0, com fer l\u2019esperat dimoni que cada 10 de maig crema a la platja, precedint la diada de Sant Anastasi. Enguany la pand\u00e8mia ens fa que revivim el ritual d\u2019una manera diferent, per aix\u00f2 el dimoni del 2020 \u00e9s en format retallable, mantenint l\u2019est\u00e8tica dels dimonis que durant m\u00e9s de 40 anys van cremar a la platja: els que dissenyava en Miquel Xirgu Rico.<\/p>\n<p>Us deixem els retallables per muntar el vostre DIMONI!!<\/p>\n<p>Per a colorejar: <a href=\"https:\/\/agora.xtec.cat\/ceip-joan-coret\/wp-content\/uploads\/usu1194\/2020\/05\/Retallable-del-Dimoni-2020-BN-A4.pdf\">Retallable-del-Dimoni-2020-BN-A4<\/a><\/p>\n<p>En color: <a href=\"https:\/\/agora.xtec.cat\/ceip-joan-coret\/wp-content\/uploads\/usu1194\/2020\/05\/Retallable-del-Dimoni-2020-A4-color.pdf\">Retallable-del-Dimoni-2020-A4-color<\/a><\/p>\n<p>Recordeu que podeu enviar les vostres fotos de les Festes de Badalona Confinades al seg\u00fcent mail:<\/p>\n<p>ceipjoancoret@gmail.com<\/p>\n<p>Gr\u00e0cies!!<\/p>\n<p>&nbsp;<\/p>\n<p>&nbsp;<\/p>\n","protected":false},"excerpt":{"rendered":"<p><a href=\"https:\/\/agora.xtec.cat\/ceip-joan-coret\/wp-content\/uploads\/usu1194\/2020\/04\/festesde-maig.jpg\"><\/a><br \/>\nEL SENTIT RITUAL DE LA FESTA<br \/>\nLa festa \u00e9s tradici\u00f3 i aquesta \u00e9s, sense dubte ritual. Ritual? S\u00ed! Un ritual \u00e9s un conjunt d\u2019actes que tenen un sentit col\u00b7lectiu, o comunitari. S\u00f3n els costums que la poblaci\u00f3, individualment o social, mant\u00e9 vius, ancorats en el&hellip;  <a href=\"https:\/\/agora.xtec.cat\/ceip-joan-coret\/portada\/festes-de-maig-dia-6\/\" title=\"Read Festes de Maig dia 6\">Llegeix m\u00e9s\u00bb<\/a><\/p>\n","protected":false},"author":3,"featured_media":1023,"comment_status":"open","ping_status":"closed","sticky":false,"template":"","format":"standard","meta":{"_bbp_topic_count":0,"_bbp_reply_count":0,"_bbp_total_topic_count":0,"_bbp_total_reply_count":0,"_bbp_voice_count":0,"_bbp_anonymous_reply_count":0,"_bbp_topic_count_hidden":0,"_bbp_reply_count_hidden":0,"_bbp_forum_subforum_count":0,"footnotes":""},"categories":[4],"tags":[],"class_list":["post-3671","post","type-post","status-publish","format-standard","has-post-thumbnail","hentry","category-portada"],"post_mailing_queue_ids":[],"_links":{"self":[{"href":"https:\/\/agora.xtec.cat\/ceip-joan-coret\/wp-json\/wp\/v2\/posts\/3671","targetHints":{"allow":["GET"]}}],"collection":[{"href":"https:\/\/agora.xtec.cat\/ceip-joan-coret\/wp-json\/wp\/v2\/posts"}],"about":[{"href":"https:\/\/agora.xtec.cat\/ceip-joan-coret\/wp-json\/wp\/v2\/types\/post"}],"author":[{"embeddable":true,"href":"https:\/\/agora.xtec.cat\/ceip-joan-coret\/wp-json\/wp\/v2\/users\/3"}],"replies":[{"embeddable":true,"href":"https:\/\/agora.xtec.cat\/ceip-joan-coret\/wp-json\/wp\/v2\/comments?post=3671"}],"version-history":[{"count":1,"href":"https:\/\/agora.xtec.cat\/ceip-joan-coret\/wp-json\/wp\/v2\/posts\/3671\/revisions"}],"predecessor-version":[{"id":3674,"href":"https:\/\/agora.xtec.cat\/ceip-joan-coret\/wp-json\/wp\/v2\/posts\/3671\/revisions\/3674"}],"wp:featuredmedia":[{"embeddable":true,"href":"https:\/\/agora.xtec.cat\/ceip-joan-coret\/wp-json\/wp\/v2\/media\/1023"}],"wp:attachment":[{"href":"https:\/\/agora.xtec.cat\/ceip-joan-coret\/wp-json\/wp\/v2\/media?parent=3671"}],"wp:term":[{"taxonomy":"category","embeddable":true,"href":"https:\/\/agora.xtec.cat\/ceip-joan-coret\/wp-json\/wp\/v2\/categories?post=3671"},{"taxonomy":"post_tag","embeddable":true,"href":"https:\/\/agora.xtec.cat\/ceip-joan-coret\/wp-json\/wp\/v2\/tags?post=3671"}],"curies":[{"name":"wp","href":"https:\/\/api.w.org\/{rel}","templated":true}]}}