{"id":3651,"date":"2020-05-06T09:00:03","date_gmt":"2020-05-06T07:00:03","guid":{"rendered":"http:\/\/agora.xtec.cat\/ceip-joan-coret\/?p=3651"},"modified":"2020-05-06T10:09:34","modified_gmt":"2020-05-06T08:09:34","slug":"educacio-fisica-6-de-maig","status":"publish","type":"post","link":"https:\/\/agora.xtec.cat\/ceip-joan-coret\/primaria\/5e\/educacio-fisica-6-de-maig\/","title":{"rendered":"Educaci\u00f3 F\u00edsica 6 de Maig"},"content":{"rendered":"<p>Hola a tots i totes!!!<\/p>\n<p>Pels videos que esteu enviant, veig que esteu seguint molt b\u00e9 els exercicis proposats, i avui tenim un parell d&#8217;activitats per a fer:<\/p>\n<p>No s\u00e9 si sabeu, per\u00f2 el dia 4 de maig va ser el dia que li diuen de STAR WARS. Per qu\u00e8? perqu\u00e8 la frase famosa de la saga de pel\u00b7l\u00edcules com tots i totes sabeu \u00e9s: &#8220;Que la for\u00e7a t&#8217;acompanyi&#8221; i en angl\u00e8s? doncs&#8230;. &#8220;May the force be with you&#8221;. I sabeu com es diu el dia 4 de maig en angl\u00e8s? May the Fourth (4th)&#8230; Es pronuncia igual!!! Per tant, s&#8217;ha fet &#8220;oficial&#8221; que el dia 4 de maig \u00e9s el dia de STAR WARS!<\/p>\n<p>Ara, per qu\u00e8 us explico aix\u00f2? Perqu\u00e8 avui ens porten els exercicis alguns dels personatges de STAR WARS!!!<\/p>\n<p>La segona feina que us plantejo \u00e9s un repte. Heu d&#8217;endevinar els esports que us ensenyo al video. Al final de cada esport ja veureu com us surt una pregunta que heu de respondre entre 3 opcions. Al final us demanar\u00e0 el nom per a posar-vos al r\u00e0nquing d&#8217;encerts. Seguiu les instruccions i recordeu que espero els vostres videos amb les vostres activitats!!!<\/p>\n<p><iframe loading=\"lazy\" src=\"\/\/www.youtube.com\/embed\/koMqY9Ku3JA\" width=\"300\" height=\"168\"><\/iframe><iframe loading=\"lazy\" src=\"\/\/www.youtube.com\/embed\/1Bh7Zk4UzTM\" width=\"300\" height=\"168\"><\/iframe><iframe loading=\"lazy\" src=\"\/\/www.youtube.com\/embed\/HqkqLUpN1S4\" width=\"300\" height=\"168\"><\/iframe><\/p>\n<p>Segona activitat:<\/p>\n<p>Entreu a la p\u00e0gina\u00a0\u00a0<a href=\"https:\/\/game.educaplay.com\/\" target=\"_blank\" rel=\"noopener noreferrer\">https:\/\/game.educaplay.com\/<\/a><\/p>\n<p>i us demanaran un Game Pin. Poseu:\u00a0 \u00a0 967481<\/p>\n<p>&nbsp;<\/p>\n<p>Cuideu-vos molt i SALUT!!!<\/p>\n<p>&nbsp;<\/p>\n<p>Xavi<\/p>\n","protected":false},"excerpt":{"rendered":"<p>Hola a tots i totes!!!<br \/>\nPels videos que esteu enviant, veig que esteu seguint molt b\u00e9 els exercicis proposats, i avui tenim un parell d&#8217;activitats per a fer:<br \/>\nNo s\u00e9 si sabeu, per\u00f2 el dia 4 de maig va ser el dia que li diuen de STAR&hellip;  <a href=\"https:\/\/agora.xtec.cat\/ceip-joan-coret\/primaria\/5e\/educacio-fisica-6-de-maig\/\" title=\"Read Educaci\u00f3 F\u00edsica 6 de Maig\">Llegeix m\u00e9s\u00bb<\/a><\/p>\n","protected":false},"author":3,"featured_media":0,"comment_status":"open","ping_status":"closed","sticky":false,"template":"","format":"standard","meta":{"_bbp_topic_count":0,"_bbp_reply_count":0,"_bbp_total_topic_count":0,"_bbp_total_reply_count":0,"_bbp_voice_count":0,"_bbp_anonymous_reply_count":0,"_bbp_topic_count_hidden":0,"_bbp_reply_count_hidden":0,"_bbp_forum_subforum_count":0,"footnotes":""},"categories":[14,15,64],"tags":[331,66],"class_list":["post-3651","post","type-post","status-publish","format-standard","hentry","category-5e","category-6e","category-educacio-fisica","tag-confinament","tag-ed-fisica"],"post_mailing_queue_ids":[],"_links":{"self":[{"href":"https:\/\/agora.xtec.cat\/ceip-joan-coret\/wp-json\/wp\/v2\/posts\/3651","targetHints":{"allow":["GET"]}}],"collection":[{"href":"https:\/\/agora.xtec.cat\/ceip-joan-coret\/wp-json\/wp\/v2\/posts"}],"about":[{"href":"https:\/\/agora.xtec.cat\/ceip-joan-coret\/wp-json\/wp\/v2\/types\/post"}],"author":[{"embeddable":true,"href":"https:\/\/agora.xtec.cat\/ceip-joan-coret\/wp-json\/wp\/v2\/users\/3"}],"replies":[{"embeddable":true,"href":"https:\/\/agora.xtec.cat\/ceip-joan-coret\/wp-json\/wp\/v2\/comments?post=3651"}],"version-history":[{"count":2,"href":"https:\/\/agora.xtec.cat\/ceip-joan-coret\/wp-json\/wp\/v2\/posts\/3651\/revisions"}],"predecessor-version":[{"id":3670,"href":"https:\/\/agora.xtec.cat\/ceip-joan-coret\/wp-json\/wp\/v2\/posts\/3651\/revisions\/3670"}],"wp:attachment":[{"href":"https:\/\/agora.xtec.cat\/ceip-joan-coret\/wp-json\/wp\/v2\/media?parent=3651"}],"wp:term":[{"taxonomy":"category","embeddable":true,"href":"https:\/\/agora.xtec.cat\/ceip-joan-coret\/wp-json\/wp\/v2\/categories?post=3651"},{"taxonomy":"post_tag","embeddable":true,"href":"https:\/\/agora.xtec.cat\/ceip-joan-coret\/wp-json\/wp\/v2\/tags?post=3651"}],"curies":[{"name":"wp","href":"https:\/\/api.w.org\/{rel}","templated":true}]}}