{"id":3645,"date":"2020-05-05T23:28:40","date_gmt":"2020-05-05T21:28:40","guid":{"rendered":"http:\/\/agora.xtec.cat\/ceip-joan-coret\/?p=3645"},"modified":"2020-05-05T23:28:50","modified_gmt":"2020-05-05T21:28:50","slug":"festes-de-maig-dia-5","status":"publish","type":"post","link":"https:\/\/agora.xtec.cat\/ceip-joan-coret\/portada\/festes-de-maig-dia-5\/","title":{"rendered":"Festes de Maig dia 5"},"content":{"rendered":"<div class=\"et_pb_row\">\n<div class=\"et_pb_column et_pb_column_4_4\">\n<div class=\"et_pb_text et_pb_bg_layout_light et_pb_text_align_left\">\n<h1><a href=\"https:\/\/agora.xtec.cat\/ceip-joan-coret\/wp-content\/uploads\/usu1194\/2020\/04\/festesde-maig.jpg\"><img loading=\"lazy\" decoding=\"async\" class=\"wp-image-3499 aligncenter\" src=\"https:\/\/agora.xtec.cat\/ceip-joan-coret\/wp-content\/uploads\/usu1194\/2020\/04\/festesde-maig-300x124.jpg\" alt=\"\" width=\"218\" height=\"90\" srcset=\"https:\/\/agora.xtec.cat\/ceip-joan-coret\/wp-content\/uploads\/usu1194\/2020\/04\/festesde-maig-300x124.jpg 300w, https:\/\/agora.xtec.cat\/ceip-joan-coret\/wp-content\/uploads\/usu1194\/2020\/04\/festesde-maig-768x317.jpg 768w, https:\/\/agora.xtec.cat\/ceip-joan-coret\/wp-content\/uploads\/usu1194\/2020\/04\/festesde-maig.jpg 956w\" sizes=\"auto, (max-width: 218px) 100vw, 218px\" \/><\/a><\/h1>\n<h1 style=\"text-align: center;\"><b>Venim per evitar la Cremada<\/b><\/h1>\n<p>Si hi ha algun moment esperat durant les Festes de Maig \u00e9s l\u2019Acte Sacramental, on el ball de Diables de Badalona ens apunta que \u201ctenim mala tradici\u00f3\u201d; amb llengua esmolada fan cr\u00edtica de la societat en un dels \u00faltims moments\u00a0 de l\u2019any local.\u00a0\u00a0<b>Els diables<\/b>, a banda de formar part del seguici popular de Badalona, coordinen el Correfoc, on tamb\u00e9 hi surten els\u00a0<b>Bufons de Foc i els Kapaoltis<\/b>, que s\u00f3n colles de diables sense ball parlat.<\/p>\n<p style=\"text-align: center;\">El que us proposem, en primer lloc, \u00e9s\u00a0<b>fer-vos quatre diables<\/b>, amb el tutorial que s\u2019ha em\u00e8s a Televisi\u00f3 de Badalona i que tamb\u00e9 podreu trobar a continuaci\u00f3. Us podeu fer en Llucifer, la Diablessa, un borr\u00f3 i un tabaler. Qui s\u00f3n aquests personatges? Qu\u00e8 representen? El que us proposem \u00e9s fer un seguit de jocs per aprendre una mica m\u00e9s sobre aquest entrem\u00e8s del nostre seguici.<\/p>\n<table class=\" aligncenter\" style=\"width: 811px;\">\n<tbody>\n<tr>\n<td style=\"width: 213px;\">Diables per a colorejar<\/td>\n<td style=\"width: 312px;\">Diables de Badalona per a colorejar<\/td>\n<td style=\"width: 276px;\">Retalla els Diables de Badalona<\/td>\n<\/tr>\n<tr>\n<td style=\"width: 213px;\"><a href=\"https:\/\/agora.xtec.cat\/ceip-joan-coret\/wp-content\/uploads\/usu1194\/2020\/05\/llamina.pdf\" target=\"_blank\" rel=\"noopener noreferrer\">llamina<\/a><\/td>\n<td style=\"width: 312px;\"><a href=\"https:\/\/agora.xtec.cat\/ceip-joan-coret\/wp-content\/uploads\/usu1194\/2020\/05\/pintar-BN-3D-DIABLES-DE-BADALONA-dina4.pdf\" target=\"_blank\" rel=\"noopener noreferrer\">pintar-BN-3D-DIABLES-DE-BADALONA-dina4<\/a><\/td>\n<td style=\"width: 276px;\"><a href=\"https:\/\/agora.xtec.cat\/ceip-joan-coret\/wp-content\/uploads\/usu1194\/2020\/05\/retallable-3D-a-color-DIABLES-DE-BADALONA-dina4_compressed.pdf\" target=\"_blank\" rel=\"noopener noreferrer\">retallable-3D-a-color-DIABLES-DE-BADALONA-dina4_compressed<\/a><\/td>\n<\/tr>\n<\/tbody>\n<\/table>\n<p>&nbsp;<\/p>\n<p>Amb aquests retallables, ben pintats, us proposem<b>\u00a0mirar<\/b>\u00a0de representar\u00a0<b>l\u2019Acte Sacramental,\u00a0<\/b>fent els vostres versos variables. Podeu trobar exemples a\u00a0<a href=\"http:\/\/www.diablesdebadalona.cat\/\">www.diablesdebadalona.cat<\/a>. Segur que ho passareu molt b\u00e9!<\/p>\n<p style=\"text-align: center;\"><iframe loading=\"lazy\" src=\"\/\/www.youtube.com\/embed\/i30xJ5ITWe8?feature=emb_logo\" width=\"300\" height=\"168\"><\/iframe><\/p>\n<p>&nbsp;<\/p>\n<p>&nbsp;<\/p>\n<p>&nbsp;<\/p>\n<\/div>\n<\/div>\n<\/div>\n<div class=\"et_pb_row\">\n<div class=\"et_pb_column et_pb_column_1_2\">\n<div class=\"et_pb_text et_pb_bg_layout_light et_pb_text_align_left\">\n<div class=\"et_post_video\"><\/div>\n<\/div>\n<\/div>\n<\/div>\n","protected":false},"excerpt":{"rendered":"<p><a href=\"https:\/\/agora.xtec.cat\/ceip-joan-coret\/wp-content\/uploads\/usu1194\/2020\/04\/festesde-maig.jpg\"><\/a><br \/>\nVenim per evitar la Cremada<br \/>\nSi hi ha algun moment esperat durant les Festes de Maig \u00e9s l\u2019Acte Sacramental, on el ball de Diables de Badalona ens apunta que \u201ctenim mala tradici\u00f3\u201d; amb llengua esmolada fan cr\u00edtica de la societat en un dels \u00faltims moments\u00a0&hellip;  <a href=\"https:\/\/agora.xtec.cat\/ceip-joan-coret\/portada\/festes-de-maig-dia-5\/\" title=\"Read Festes de Maig dia 5\">Llegeix m\u00e9s\u00bb<\/a><\/p>\n","protected":false},"author":3,"featured_media":1023,"comment_status":"open","ping_status":"closed","sticky":false,"template":"","format":"standard","meta":{"_bbp_topic_count":0,"_bbp_reply_count":0,"_bbp_total_topic_count":0,"_bbp_total_reply_count":0,"_bbp_voice_count":0,"_bbp_anonymous_reply_count":0,"_bbp_topic_count_hidden":0,"_bbp_reply_count_hidden":0,"_bbp_forum_subforum_count":0,"footnotes":""},"categories":[4],"tags":[349,345],"class_list":["post-3645","post","type-post","status-publish","format-standard","has-post-thumbnail","hentry","category-portada","tag-escola-joan-coret","tag-festes-de-maig-confinades"],"post_mailing_queue_ids":[],"_links":{"self":[{"href":"https:\/\/agora.xtec.cat\/ceip-joan-coret\/wp-json\/wp\/v2\/posts\/3645","targetHints":{"allow":["GET"]}}],"collection":[{"href":"https:\/\/agora.xtec.cat\/ceip-joan-coret\/wp-json\/wp\/v2\/posts"}],"about":[{"href":"https:\/\/agora.xtec.cat\/ceip-joan-coret\/wp-json\/wp\/v2\/types\/post"}],"author":[{"embeddable":true,"href":"https:\/\/agora.xtec.cat\/ceip-joan-coret\/wp-json\/wp\/v2\/users\/3"}],"replies":[{"embeddable":true,"href":"https:\/\/agora.xtec.cat\/ceip-joan-coret\/wp-json\/wp\/v2\/comments?post=3645"}],"version-history":[{"count":2,"href":"https:\/\/agora.xtec.cat\/ceip-joan-coret\/wp-json\/wp\/v2\/posts\/3645\/revisions"}],"predecessor-version":[{"id":3650,"href":"https:\/\/agora.xtec.cat\/ceip-joan-coret\/wp-json\/wp\/v2\/posts\/3645\/revisions\/3650"}],"wp:featuredmedia":[{"embeddable":true,"href":"https:\/\/agora.xtec.cat\/ceip-joan-coret\/wp-json\/wp\/v2\/media\/1023"}],"wp:attachment":[{"href":"https:\/\/agora.xtec.cat\/ceip-joan-coret\/wp-json\/wp\/v2\/media?parent=3645"}],"wp:term":[{"taxonomy":"category","embeddable":true,"href":"https:\/\/agora.xtec.cat\/ceip-joan-coret\/wp-json\/wp\/v2\/categories?post=3645"},{"taxonomy":"post_tag","embeddable":true,"href":"https:\/\/agora.xtec.cat\/ceip-joan-coret\/wp-json\/wp\/v2\/tags?post=3645"}],"curies":[{"name":"wp","href":"https:\/\/api.w.org\/{rel}","templated":true}]}}