{"id":3638,"date":"2020-05-05T11:04:01","date_gmt":"2020-05-05T09:04:01","guid":{"rendered":"http:\/\/agora.xtec.cat\/ceip-joan-coret\/?p=3638"},"modified":"2020-05-05T11:04:01","modified_gmt":"2020-05-05T09:04:01","slug":"6e-dia-5-de-maig","status":"publish","type":"post","link":"https:\/\/agora.xtec.cat\/ceip-joan-coret\/primaria\/6e\/6e-dia-5-de-maig\/","title":{"rendered":"6\u00e8 dia 5 de Maig"},"content":{"rendered":"<p dir=\"ltr\">Hola\u00a0 sis\u00e8!<\/p>\n<p dir=\"ltr\">Recordem de manera senzilla i divertida l\u00b4explicaci\u00f3 de la L\u00cdNIA DEL TEMPS<\/p>\n<p dir=\"ltr\"><a href=\"https:\/\/youtu.be\/6E8Gx9MvGuE\" target=\"_blank\" rel=\"noopener noreferrer\" data-saferedirecturl=\"https:\/\/www.google.com\/url?q=https:\/\/youtu.be\/6E8Gx9MvGuE&amp;source=gmail&amp;ust=1588755731710000&amp;usg=AFQjCNHpCkggXNU6tP_eFdXT1AXjNvbv3Q\">https:\/\/youtu.be\/6E8Gx9MvGuE<\/a><\/p>\n<p dir=\"ltr\">Tot seguit us enllacem uns v\u00eddeos sobre la Revoluci\u00f3 Industrial.<\/p>\n<p dir=\"ltr\">Heu de visualitzar-los (tantes vegades com volgueu), per aix\u00ed poder realitzar un mapa conceptual de la revoluci\u00f3 Industrial. (Podeu fer-ho en un full, en un document Word)<\/p>\n<p dir=\"ltr\">Aspectes que heu de tenir presents:<\/p>\n<p dir=\"ltr\">(DEFINICI\u00d3, QUAN VA PASSAR LA REVOLUCI\u00d3, ON VA PASSAR, ECONOMIA D\u00b4ABANS I DE LA REVOLUCI\u00d3 INDUSTRIAL, INVENTS, IND\u00daSTRIES, F\u00c0BRIQUES, TRANSPORTS, LA SOCIETAT, DRETS DE LES PERSONES, DRETS DELS INFANTS)<\/p>\n<p dir=\"ltr\"><a href=\"https:\/\/youtu.be\/WkT5peaBC6A\" target=\"_blank\" rel=\"noopener noreferrer\" data-saferedirecturl=\"https:\/\/www.google.com\/url?q=https:\/\/youtu.be\/WkT5peaBC6A&amp;source=gmail&amp;ust=1588755731710000&amp;usg=AFQjCNHz27MNylfm0bMLMkbnfxA4XQ7crA\">https:\/\/youtu.be\/WkT5peaBC6A<\/a><\/p>\n<p dir=\"ltr\"><a href=\"https:\/\/youtu.be\/3LQAnFEADl4\" target=\"_blank\" rel=\"noopener noreferrer\" data-saferedirecturl=\"https:\/\/www.google.com\/url?q=https:\/\/youtu.be\/3LQAnFEADl4&amp;source=gmail&amp;ust=1588755731710000&amp;usg=AFQjCNHaInAmbfuUg3beSFmZS2dAyWLrLg\">https:\/\/youtu.be\/3LQAnFEADl4<\/a><\/p>\n<p dir=\"ltr\"><a href=\"https:\/\/youtu.be\/eZtmIClLJWM\" target=\"_blank\" rel=\"noopener noreferrer\" data-saferedirecturl=\"https:\/\/www.google.com\/url?q=https:\/\/youtu.be\/eZtmIClLJWM&amp;source=gmail&amp;ust=1588755731710000&amp;usg=AFQjCNGPCfz7TMUka_qV6zZZLxX4U-YO1Q\">https:\/\/youtu.be\/eZtmIClLJWM<\/a><\/p>\n<p dir=\"ltr\">Aprofitem per felicitar-vos pel vostre treball.<\/p>\n<p dir=\"ltr\">Olga i S\u00f2nia.<\/p>\n","protected":false},"excerpt":{"rendered":"<p>Hola\u00a0 sis\u00e8!<br \/>\nRecordem de manera senzilla i divertida l\u00b4explicaci\u00f3 de la L\u00cdNIA DEL TEMPS<br \/>\n<a href=\"https:\/\/youtu.be\/6E8Gx9MvGuE\" target=\"_blank\" rel=\"noopener noreferrer\" data-saferedirecturl=\"https:\/\/www.google.com\/url?q=https:\/\/youtu.be\/6E8Gx9MvGuE&amp;source=gmail&amp;ust=1588755731710000&amp;usg=AFQjCNHpCkggXNU6tP_eFdXT1AXjNvbv3Q\">https:\/\/youtu.be\/6E8Gx9MvGuE<\/a><br \/>\nTot seguit us enllacem uns v\u00eddeos sobre la Revoluci\u00f3 Industrial.<br \/>\nHeu de visualitzar-los (tantes vegades com volgueu), per aix\u00ed poder realitzar un mapa conceptual de la revoluci\u00f3 Industrial. (Podeu&hellip;  <a href=\"https:\/\/agora.xtec.cat\/ceip-joan-coret\/primaria\/6e\/6e-dia-5-de-maig\/\" title=\"Read 6\u00e8 dia 5 de Maig\">Llegeix m\u00e9s\u00bb<\/a><\/p>\n","protected":false},"author":3,"featured_media":3639,"comment_status":"open","ping_status":"closed","sticky":false,"template":"","format":"standard","meta":{"_bbp_topic_count":0,"_bbp_reply_count":0,"_bbp_total_topic_count":0,"_bbp_total_reply_count":0,"_bbp_voice_count":0,"_bbp_anonymous_reply_count":0,"_bbp_topic_count_hidden":0,"_bbp_reply_count_hidden":0,"_bbp_forum_subforum_count":0,"footnotes":""},"categories":[15],"tags":[65,348],"class_list":["post-3638","post","type-post","status-publish","format-standard","has-post-thumbnail","hentry","category-6e","tag-6e","tag-revolucio-industrial"],"post_mailing_queue_ids":[],"_links":{"self":[{"href":"https:\/\/agora.xtec.cat\/ceip-joan-coret\/wp-json\/wp\/v2\/posts\/3638","targetHints":{"allow":["GET"]}}],"collection":[{"href":"https:\/\/agora.xtec.cat\/ceip-joan-coret\/wp-json\/wp\/v2\/posts"}],"about":[{"href":"https:\/\/agora.xtec.cat\/ceip-joan-coret\/wp-json\/wp\/v2\/types\/post"}],"author":[{"embeddable":true,"href":"https:\/\/agora.xtec.cat\/ceip-joan-coret\/wp-json\/wp\/v2\/users\/3"}],"replies":[{"embeddable":true,"href":"https:\/\/agora.xtec.cat\/ceip-joan-coret\/wp-json\/wp\/v2\/comments?post=3638"}],"version-history":[{"count":1,"href":"https:\/\/agora.xtec.cat\/ceip-joan-coret\/wp-json\/wp\/v2\/posts\/3638\/revisions"}],"predecessor-version":[{"id":3640,"href":"https:\/\/agora.xtec.cat\/ceip-joan-coret\/wp-json\/wp\/v2\/posts\/3638\/revisions\/3640"}],"wp:featuredmedia":[{"embeddable":true,"href":"https:\/\/agora.xtec.cat\/ceip-joan-coret\/wp-json\/wp\/v2\/media\/3639"}],"wp:attachment":[{"href":"https:\/\/agora.xtec.cat\/ceip-joan-coret\/wp-json\/wp\/v2\/media?parent=3638"}],"wp:term":[{"taxonomy":"category","embeddable":true,"href":"https:\/\/agora.xtec.cat\/ceip-joan-coret\/wp-json\/wp\/v2\/categories?post=3638"},{"taxonomy":"post_tag","embeddable":true,"href":"https:\/\/agora.xtec.cat\/ceip-joan-coret\/wp-json\/wp\/v2\/tags?post=3638"}],"curies":[{"name":"wp","href":"https:\/\/api.w.org\/{rel}","templated":true}]}}