{"id":3629,"date":"2020-05-05T10:55:03","date_gmt":"2020-05-05T08:55:03","guid":{"rendered":"http:\/\/agora.xtec.cat\/ceip-joan-coret\/?p=3629"},"modified":"2020-05-05T10:59:34","modified_gmt":"2020-05-05T08:59:34","slug":"5e-dia-5-de-maig","status":"publish","type":"post","link":"https:\/\/agora.xtec.cat\/ceip-joan-coret\/primaria\/5e\/5e-dia-5-de-maig\/","title":{"rendered":"5\u00e8 dia 5 de Maig"},"content":{"rendered":"<p>Bon dia a tots i totes.<\/p>\n<div>Us enviem les feines de medi social i de medi natural per fer al llarg d&#8217;aquesta setmana.<\/div>\n<div><\/div>\n<div><\/div>\n<div>A medi social ens endinsarem a l&#8217;Edat Antiga, al m\u00f3n egipci i a medi natural al m\u00f3n de les m\u00e0quines.<\/div>\n<div><\/div>\n<div><\/div>\n<div>Vinga molt bona feina, que esteu treballant molt b\u00e9!!!!!!!<\/div>\n<div><\/div>\n<div><\/div>\n<div>\n<table>\n<tbody>\n<tr>\n<td><a href=\"https:\/\/agora.xtec.cat\/ceip-joan-coret\/wp-content\/uploads\/usu1194\/2020\/05\/Tasca-v\u00eddeos.docx\">Tasca v\u00eddeos<\/a><\/td>\n<\/tr>\n<tr>\n<td><a href=\"https:\/\/agora.xtec.cat\/ceip-joan-coret\/wp-content\/uploads\/usu1194\/2020\/05\/ESCRIPTURA-EG\u00cdPCIA.docx\">ESCRIPTURA EG\u00cdPCIA<\/a><\/td>\n<\/tr>\n<tr>\n<td>Pdf: <a href=\"https:\/\/agora.xtec.cat\/ceip-joan-coret\/wp-content\/uploads\/usu1194\/2020\/05\/LES-FORCES-I-LES-M\u00c0QUINES.pdf\">LES FORCES I LES M\u00c0QUINES<\/a><\/td>\n<\/tr>\n<tr>\n<td>Docx: <a href=\"https:\/\/agora.xtec.cat\/ceip-joan-coret\/wp-content\/uploads\/usu1194\/2020\/05\/LES-FORCES-I-LES-M\u00c0QUINES.docx\">LES FORCES I LES M\u00c0QUINES<\/a><\/td>\n<\/tr>\n<\/tbody>\n<\/table>\n<\/div>\n<div><\/div>\n<div>Una abra\u00e7ada.<\/div>\n<div><\/div>\n<div><\/div>\n<div>Pilar<\/div>\n<div><\/div>\n<div><\/div>\n<div>P.D:\u00a0 Recordeu penjar a la carpeta de medi el mural de les etapes de la hist\u00f2ria, que era per entregar avui i molts no<\/div>\n<div><\/div>\n<div>l&#8217;heu fet.<\/div>\n","protected":false},"excerpt":{"rendered":"<p>Bon dia a tots i totes.<br \/>\nUs enviem les feines de medi social i de medi natural per fer al llarg d&#8217;aquesta setmana.<\/p>\n<p>A medi social ens endinsarem a l&#8217;Edat Antiga, al m\u00f3n egipci i a medi natural al m\u00f3n de les m\u00e0quines.<\/p>\n<p>Vinga molt bona feina, que&hellip;  <a href=\"https:\/\/agora.xtec.cat\/ceip-joan-coret\/primaria\/5e\/5e-dia-5-de-maig\/\" title=\"Read 5\u00e8 dia 5 de Maig\">Llegeix m\u00e9s\u00bb<\/a><\/p>\n","protected":false},"author":3,"featured_media":0,"comment_status":"open","ping_status":"closed","sticky":false,"template":"","format":"standard","meta":{"_bbp_topic_count":0,"_bbp_reply_count":0,"_bbp_total_topic_count":0,"_bbp_total_reply_count":0,"_bbp_voice_count":0,"_bbp_anonymous_reply_count":0,"_bbp_topic_count_hidden":0,"_bbp_reply_count_hidden":0,"_bbp_forum_subforum_count":0,"footnotes":""},"categories":[14],"tags":[68,165,342],"class_list":["post-3629","post","type-post","status-publish","format-standard","hentry","category-5e","tag-5e","tag-medi-natural","tag-medi-social"],"post_mailing_queue_ids":[],"_links":{"self":[{"href":"https:\/\/agora.xtec.cat\/ceip-joan-coret\/wp-json\/wp\/v2\/posts\/3629","targetHints":{"allow":["GET"]}}],"collection":[{"href":"https:\/\/agora.xtec.cat\/ceip-joan-coret\/wp-json\/wp\/v2\/posts"}],"about":[{"href":"https:\/\/agora.xtec.cat\/ceip-joan-coret\/wp-json\/wp\/v2\/types\/post"}],"author":[{"embeddable":true,"href":"https:\/\/agora.xtec.cat\/ceip-joan-coret\/wp-json\/wp\/v2\/users\/3"}],"replies":[{"embeddable":true,"href":"https:\/\/agora.xtec.cat\/ceip-joan-coret\/wp-json\/wp\/v2\/comments?post=3629"}],"version-history":[{"count":3,"href":"https:\/\/agora.xtec.cat\/ceip-joan-coret\/wp-json\/wp\/v2\/posts\/3629\/revisions"}],"predecessor-version":[{"id":3637,"href":"https:\/\/agora.xtec.cat\/ceip-joan-coret\/wp-json\/wp\/v2\/posts\/3629\/revisions\/3637"}],"wp:attachment":[{"href":"https:\/\/agora.xtec.cat\/ceip-joan-coret\/wp-json\/wp\/v2\/media?parent=3629"}],"wp:term":[{"taxonomy":"category","embeddable":true,"href":"https:\/\/agora.xtec.cat\/ceip-joan-coret\/wp-json\/wp\/v2\/categories?post=3629"},{"taxonomy":"post_tag","embeddable":true,"href":"https:\/\/agora.xtec.cat\/ceip-joan-coret\/wp-json\/wp\/v2\/tags?post=3629"}],"curies":[{"name":"wp","href":"https:\/\/api.w.org\/{rel}","templated":true}]}}