{"id":3610,"date":"2020-05-04T09:55:37","date_gmt":"2020-05-04T07:55:37","guid":{"rendered":"http:\/\/agora.xtec.cat\/ceip-joan-coret\/?p=3610"},"modified":"2020-05-04T18:24:59","modified_gmt":"2020-05-04T16:24:59","slug":"matematiques-6e-dia-4-dabril","status":"publish","type":"post","link":"https:\/\/agora.xtec.cat\/ceip-joan-coret\/primaria\/6e\/matematiques-6e-dia-4-dabril\/","title":{"rendered":"Matem\u00e0tiques 6\u00e8 dia 4 de Maig"},"content":{"rendered":"<p style=\"font-weight: 400;\">Bon dia nois i noies de 6\u00e8,<\/p>\n<p style=\"font-weight: 400;\">Comencem una nova setmana de feina a dist\u00e0ncia, per\u00f2 aquesta ser\u00e0 especial, ja que com a m\u00ednim ens veurem les cares a la tert\u00falia!<\/p>\n<p style=\"font-weight: 400;\">Avui dilluns toca matem\u00e0tiques i haureu de fer les activitats interactives del seg\u00fcent enlla\u00e7:<\/p>\n<p style=\"font-weight: 400;\"><a href=\"https:\/\/es.liveworksheets.com\/ky208946pi\" data-saferedirecturl=\"https:\/\/www.google.com\/url?q=https:\/\/es.liveworksheets.com\/ky208946pi&amp;source=gmail&amp;ust=1588665264591000&amp;usg=AFQjCNFvrNp_39Csb0bbvtGIeiHSb8wG6g\">https:\/\/es.liveworksheets.com\/ky208946pi<\/a><\/p>\n<p style=\"font-weight: 400;\">Quan estiguin acabades, ja sabeu que ens les heu de fer arribar tot completant les vostres dades, MATEM\u00c0TIQUES en aquest cas, i el nostre correu:<\/p>\n<table style=\"font-weight: 400;\">\n<tbody>\n<tr>\n<td width=\"283\">6\u00e8A<\/td>\n<td width=\"283\">6\u00e8B<\/td>\n<\/tr>\n<tr>\n<td width=\"283\"><a href=\"mailto:olgaveraespinosa@gmail.com\">olgaveraespinosa@gmail.com<\/a><\/td>\n<td width=\"283\"><a href=\"mailto:Sescoba2@xtec.cat\">Sescoba2@xtec.cat<\/a><\/td>\n<\/tr>\n<\/tbody>\n<\/table>\n<p style=\"font-weight: 400;\">Com a grans matem\u00e0tics i matem\u00e0tiques que sou, esperem que feu una bona feina.<\/p>\n","protected":false},"excerpt":{"rendered":"<p>Bon dia nois i noies de 6\u00e8,<br \/>\nComencem una nova setmana de feina a dist\u00e0ncia, per\u00f2 aquesta ser\u00e0 especial, ja que com a m\u00ednim ens veurem les cares a la tert\u00falia!<br \/>\nAvui dilluns toca matem\u00e0tiques i haureu de fer les activitats interactives del seg\u00fcent enlla\u00e7:<br \/>\n<a href=\"https:\/\/es.liveworksheets.com\/ky208946pi\" data-saferedirecturl=\"https:\/\/www.google.com\/url?q=https:\/\/es.liveworksheets.com\/ky208946pi&amp;source=gmail&amp;ust=1588665264591000&amp;usg=AFQjCNFvrNp_39Csb0bbvtGIeiHSb8wG6g\">https:\/\/es.liveworksheets.com\/ky208946pi<\/a><br \/>\nQuan&hellip;  <a href=\"https:\/\/agora.xtec.cat\/ceip-joan-coret\/primaria\/6e\/matematiques-6e-dia-4-dabril\/\" title=\"Read Matem\u00e0tiques 6\u00e8 dia 4 de Maig\">Llegeix m\u00e9s\u00bb<\/a><\/p>\n","protected":false},"author":3,"featured_media":0,"comment_status":"open","ping_status":"closed","sticky":false,"template":"","format":"standard","meta":{"_bbp_topic_count":0,"_bbp_reply_count":0,"_bbp_total_topic_count":0,"_bbp_total_reply_count":0,"_bbp_voice_count":0,"_bbp_anonymous_reply_count":0,"_bbp_topic_count_hidden":0,"_bbp_reply_count_hidden":0,"_bbp_forum_subforum_count":0,"footnotes":""},"categories":[15],"tags":[65,247],"class_list":["post-3610","post","type-post","status-publish","format-standard","hentry","category-6e","tag-6e","tag-matematiques"],"post_mailing_queue_ids":[],"_links":{"self":[{"href":"https:\/\/agora.xtec.cat\/ceip-joan-coret\/wp-json\/wp\/v2\/posts\/3610","targetHints":{"allow":["GET"]}}],"collection":[{"href":"https:\/\/agora.xtec.cat\/ceip-joan-coret\/wp-json\/wp\/v2\/posts"}],"about":[{"href":"https:\/\/agora.xtec.cat\/ceip-joan-coret\/wp-json\/wp\/v2\/types\/post"}],"author":[{"embeddable":true,"href":"https:\/\/agora.xtec.cat\/ceip-joan-coret\/wp-json\/wp\/v2\/users\/3"}],"replies":[{"embeddable":true,"href":"https:\/\/agora.xtec.cat\/ceip-joan-coret\/wp-json\/wp\/v2\/comments?post=3610"}],"version-history":[{"count":2,"href":"https:\/\/agora.xtec.cat\/ceip-joan-coret\/wp-json\/wp\/v2\/posts\/3610\/revisions"}],"predecessor-version":[{"id":3617,"href":"https:\/\/agora.xtec.cat\/ceip-joan-coret\/wp-json\/wp\/v2\/posts\/3610\/revisions\/3617"}],"wp:attachment":[{"href":"https:\/\/agora.xtec.cat\/ceip-joan-coret\/wp-json\/wp\/v2\/media?parent=3610"}],"wp:term":[{"taxonomy":"category","embeddable":true,"href":"https:\/\/agora.xtec.cat\/ceip-joan-coret\/wp-json\/wp\/v2\/categories?post=3610"},{"taxonomy":"post_tag","embeddable":true,"href":"https:\/\/agora.xtec.cat\/ceip-joan-coret\/wp-json\/wp\/v2\/tags?post=3610"}],"curies":[{"name":"wp","href":"https:\/\/api.w.org\/{rel}","templated":true}]}}